{"id":179826,"date":"2018-06-21T08:39:27","date_gmt":"2018-06-21T11:39:27","guid":{"rendered":"http:\/\/notinor.com\/jujuy\/?p=179826"},"modified":"2018-06-21T08:39:27","modified_gmt":"2018-06-21T11:39:27","slug":"aumenta-el-clamor-social-para-que-se-permita-la-objecion-de-conciencia-institucional","status":"publish","type":"post","link":"https:\/\/notinor.com\/jujuy\/aumenta-el-clamor-social-para-que-se-permita-la-objecion-de-conciencia-institucional\/","title":{"rendered":"Aumenta el clamor social para que se permita la objeci\u00f3n de conciencia institucional"},"content":{"rendered":"<p><img decoding=\"async\" loading=\"lazy\" class=\"size-medium wp-image-179827\" src=\"http:\/\/notinor.com\/jujuy\/wp-content\/uploads\/2018\/06\/medicos-contra-el-aborto-647x365.jpg\" alt=\"\" width=\"647\" height=\"365\" srcset=\"https:\/\/notinor.com\/jujuy\/wp-content\/uploads\/2018\/06\/medicos-contra-el-aborto-647x365.jpg 647w, https:\/\/notinor.com\/jujuy\/wp-content\/uploads\/2018\/06\/medicos-contra-el-aborto-768x434.jpg 768w, https:\/\/notinor.com\/jujuy\/wp-content\/uploads\/2018\/06\/medicos-contra-el-aborto-840x474.jpg 840w, https:\/\/notinor.com\/jujuy\/wp-content\/uploads\/2018\/06\/medicos-contra-el-aborto.jpg 930w\" sizes=\"(max-width: 647px) 100vw, 647px\" \/><\/p>\n<p>Luego de que la C\u00e1mara de Diputados otorgara media sanci\u00f3n al proyecto de legalizaci\u00f3n del aborto la semana pasada, m\u00e1s de una decena de cl\u00ednicas, hospitales y sanatorios adelantaron su exigencia de que exista la objeci\u00f3n de conciencia no s\u00f3lo individual -prevista en el proyecto- sino tambi\u00e9n la institucional. As\u00ed lo manifestaron, entre otros, la Casa Hospital San Juan de Dios, la Cl\u00ednica San Camilo, la Cl\u00ednica Bazterrica, la Cl\u00ednica y Maternidad Santa Isabel, la Cl\u00ednica Del Sol, la Fundaci\u00f3n Fleni, el Hospital Universitario Austral y el Sanatorio Mater Dei. Se sumaron tambi\u00e9n instituciones como el Hospital Privado Universitario de C\u00f3rdoba, todos los m\u00e9dicos del Hospital Materno Neonatal de Misiones, y este vienes habr\u00e1 una convocatoria para apoyar a los m\u00e9dicos del \u00e1rea de Ginecolog\u00eda del Hospital de Iturraspe, de Santa Fe, en la que todos los profesionales se oponen a realizar la pr\u00e1ctica. La presi\u00f3n por la inclusi\u00f3n de la objeci\u00f3n de conciencia institucional crece mientras el Senado se prepara para empezar a debatir el proyecto de ley.<\/p>\n<p>\"Es un atentado contra la libertad\", dice Fernando I\u00fadica, director del Hospital Austral respecto del proyecto que obtuvo media sanci\u00f3n y que no contempla la objeci\u00f3n de conciencia institucional aunque s\u00ed la individual. \"La objeci\u00f3n de conciencia personal es dif\u00edcil de llevar a cabo. Normalmente pod\u00eda hacerse antes de un acto m\u00e9dico que no estaba en l\u00ednea con los ideales del profesional. Ahora va a haber un registro, que va a llevar sus tiempos. Desde la instituci\u00f3n buscamos una objeci\u00f3n institucional: es apuntar a buscar la libertad\", sostiene el titular del Hospital Austral, y suma: \"El proyecto de ley habla de la autonom\u00eda, la libertad y la integridad de una persona. Esos mismos derechos se han revertido: se tiene derecho a abortar pero no a decir 'yo no lo hago'\".<\/p>\n<p>\"Buscamos que los senadores revisen este aspecto de la ley, que accedan a que las instituciones que no est\u00e1n de acuerdo con la pr\u00e1ctica, no tengan que hacerla. Va a ser muy dif\u00edcil obligar a alguien a hacer algo que no quiere hacer\", advierte I\u00fadica. En rigor, si el Senado modifica ese o alg\u00fan otro art\u00edculo del proyecto que aprob\u00f3 la C\u00e1mara Baja, los diputados deber\u00e1n volver a votar.<\/p>\n<p>El diputado Daniel Lipovetzky, presidente de la comisi\u00f3n de Legislaci\u00f3n General y coordinador de las audiencias por las que pasaron 738 expositores, explica: \"Durante el debate entre los diputados que impuls\u00e1bamos la legalizaci\u00f3n, la objeci\u00f3n de conciencia fue tal vez el tema m\u00e1s debatido. Pens\u00e1bamos que exist\u00eda la posibilidad de que una instituci\u00f3n privada quisiera ser objetora, y para eso contemplamos que esa instituci\u00f3n pueda derivar el caso, es decir, que el aborto no se haga ah\u00ed, pero que esa instituci\u00f3n deba controlar que la pr\u00e1ctica se realice. Si un sanatorio o cl\u00ednica privados no quieren hacer abortos, deber\u00e1n tener armado un sistema de derivaci\u00f3n. Creemos que el proyecto que se vot\u00f3 permite as\u00ed ser objetor pero sin deslindarse de la responsabilidad\".<\/p>\n<p>En el caso de los hospitales p\u00fablicos, asegura Lipovetzky, \"siempre tendr\u00e1 que haber quien garantice la pr\u00e1ctica porque el Estado es garante\". \"Ya les transmitimos a los senadores que nosotros -se refiere al grupo que conforma con m\u00e1s de una decena de diputados y que impuls\u00f3 la legalizaci\u00f3n- estamos disponibles para explicarles cada punto y coma del proyecto. Lo que no hay que hacer es permitir estrategias dilatorias\", concluye.<\/p>\n<p>Gerardo Bozovich coordina la comisi\u00f3n de Direcci\u00f3n M\u00e9dica de Adecra-Cedim, que agrupa a la Asociaci\u00f3n de Cl\u00ednicas, Sanatorios y Hospitales Privados de la Rep\u00fablica Argentina y a la C\u00e1mara de Entidades de Diagn\u00f3stico y Tratamiento Ambulatorio. \"La redacci\u00f3n del proyecto implica la obligatoriedad para privados y p\u00fablicos, pero los privados no tienen todos los servicios para responder a esos requerimientos. En las instituciones privadas, la mayor\u00eda de los m\u00e9dicos no son empleados, por los que no est\u00e1n obligados a responder a los requerimientos del director. Eso pone a los directores en una dificultad operativa bajo amenazas de sanciones y c\u00e1rcel\", sostiene.<\/p>\n<p>\"La ley que se ha propuesto obliga a todo establecimiento sanitario, tambi\u00e9n privado, incluso confesional, a la realizaci\u00f3n de la interrupci\u00f3n voluntaria del embarazo. Al mismo tiempo, proh\u00edbe toda objeci\u00f3n basada en el ideario fundacional de algunas de nuestras instituciones\", sostiene el comunicado que firmaron, entre otras instituciones, Mater Dei, San Camilo y San Juan de Dios. El Hospital Iturraspe de Santa Fe, cuyos m\u00e9dicos se declaran objetores, es la instituci\u00f3n que se neg\u00f3 a practicarle un aborto legal a Ana Mar\u00eda Acevedo en 2007. La joven hab\u00eda sido diagnosticada con c\u00e1ncer y durante el embarazo no se le pod\u00eda administrar ni quimioterapia ni rayos, lo que pon\u00eda en riesgo su vida. Los m\u00e9dicos de ese hospital le practicaron una ces\u00e1rea a los cinco meses de gestaci\u00f3n, la beba vivi\u00f3 17 horas y Ana Mar\u00eda muri\u00f3 tres semanas despu\u00e9s.<\/p>\n<p>\"Cuando la ley est\u00e9 vigente, nos ajustaremos a ella. Los m\u00e9dicos decidir\u00e1n particularmente y nosotros como instituci\u00f3n cumpliremos la ley tal como se sancione\", cuenta Jorge Tiva, a cargo de la gerencia del grupo ASE - Medif\u00e9, que administra el Sanatorio Finochietto.<\/p>\n<p>El Papa tambi\u00e9n sali\u00f3 al cruce de la media sanci\u00f3n del proyecto de legalizaci\u00f3n del aborto, al decir que en algunos casos esa pr\u00e1ctica plantea \"lo mismo que hac\u00edan los nazis para cuidar la raza\", pero \"con guantes blancos\". Francisco asegur\u00f3: \"Est\u00e1 de moda, es habitual. Cuando en el embarazo se ve que quiz\u00e1s el ni\u00f1o no est\u00e1 bien o viene con cualquier cosa, la primera oferta es '\u00bflo tiramos?'. El homicidio de los chicos. Para resolver una vida tranquila, se tira un inocente\". En rigor, el proyecto que obtuvo media sanci\u00f3n despenaliza el aborto en cualquier instancia de gestaci\u00f3n s\u00f3lo cuando el feto es incompatible con la vida extrauterina y no innova sobre las otras causales de no punibilidad establecidas en 1921.<\/p>\n","protected":false},"excerpt":{"rendered":"<p>Luego de que la C\u00e1mara de Diputados otorgara media sanci\u00f3n al proyecto de legalizaci\u00f3n del aborto la semana pasada, m\u00e1s de una decena de cl\u00ednicas, hospitales y sanatorios adelantaron su exigencia de que exista la objeci\u00f3n de conciencia no s\u00f3lo individual -prevista en el proyecto- sino tambi\u00e9n la institucional. As\u00ed lo manifestaron, entre otros, la [&hellip;]<\/p>\n","protected":false},"author":1,"featured_media":179827,"comment_status":"open","ping_status":"open","sticky":false,"template":"","format":"standard","meta":{"_stopmodifiedupdate":false,"_modified_date":"","inline_featured_image":false,"spay_email":"","jetpack_publicize_message":""},"categories":[5,501],"tags":[],"jetpack_featured_media_url":"https:\/\/notinor.com\/jujuy\/wp-content\/uploads\/2018\/06\/medicos-contra-el-aborto.jpg","jetpack_publicize_connections":[],"_links":{"self":[{"href":"https:\/\/notinor.com\/jujuy\/wp-json\/wp\/v2\/posts\/179826"}],"collection":[{"href":"https:\/\/notinor.com\/jujuy\/wp-json\/wp\/v2\/posts"}],"about":[{"href":"https:\/\/notinor.com\/jujuy\/wp-json\/wp\/v2\/types\/post"}],"author":[{"embeddable":true,"href":"https:\/\/notinor.com\/jujuy\/wp-json\/wp\/v2\/users\/1"}],"replies":[{"embeddable":true,"href":"https:\/\/notinor.com\/jujuy\/wp-json\/wp\/v2\/comments?post=179826"}],"version-history":[{"count":1,"href":"https:\/\/notinor.com\/jujuy\/wp-json\/wp\/v2\/posts\/179826\/revisions"}],"predecessor-version":[{"id":179828,"href":"https:\/\/notinor.com\/jujuy\/wp-json\/wp\/v2\/posts\/179826\/revisions\/179828"}],"wp:featuredmedia":[{"embeddable":true,"href":"https:\/\/notinor.com\/jujuy\/wp-json\/wp\/v2\/media\/179827"}],"wp:attachment":[{"href":"https:\/\/notinor.com\/jujuy\/wp-json\/wp\/v2\/media?parent=179826"}],"wp:term":[{"taxonomy":"category","embeddable":true,"href":"https:\/\/notinor.com\/jujuy\/wp-json\/wp\/v2\/categories?post=179826"},{"taxonomy":"post_tag","embeddable":true,"href":"https:\/\/notinor.com\/jujuy\/wp-json\/wp\/v2\/tags?post=179826"}],"curies":[{"name":"wp","href":"https:\/\/api.w.org\/{rel}","templated":true}]}}