{"id":179820,"date":"2018-06-21T08:27:26","date_gmt":"2018-06-21T11:27:26","guid":{"rendered":"http:\/\/notinor.com\/jujuy\/?p=179820"},"modified":"2018-06-21T08:27:26","modified_gmt":"2018-06-21T11:27:26","slug":"moyano-logro-un-25-y-establece-un-precedente-ante-el-cual-el-gobierno-debera-resignarse","status":"publish","type":"post","link":"https:\/\/notinor.com\/jujuy\/moyano-logro-un-25-y-establece-un-precedente-ante-el-cual-el-gobierno-debera-resignarse\/","title":{"rendered":"Moyano logr\u00f3 un 25% y establece un precedente ante el cual el Gobierno deber\u00e1 resignarse"},"content":{"rendered":"<p><img decoding=\"async\" loading=\"lazy\" class=\"alignnone size-medium wp-image-179821\" src=\"http:\/\/notinor.com\/jujuy\/wp-content\/uploads\/2018\/06\/moyano-25-548x365.jpg\" alt=\"\" width=\"548\" height=\"365\" srcset=\"https:\/\/notinor.com\/jujuy\/wp-content\/uploads\/2018\/06\/moyano-25-548x365.jpg 548w, https:\/\/notinor.com\/jujuy\/wp-content\/uploads\/2018\/06\/moyano-25-768x512.jpg 768w, https:\/\/notinor.com\/jujuy\/wp-content\/uploads\/2018\/06\/moyano-25-721x480.jpg 721w, https:\/\/notinor.com\/jujuy\/wp-content\/uploads\/2018\/06\/moyano-25-400x266.jpg 400w, https:\/\/notinor.com\/jujuy\/wp-content\/uploads\/2018\/06\/moyano-25.jpg 1033w\" sizes=\"(max-width: 548px) 100vw, 548px\" \/><\/p>\n<p>&nbsp;<\/p>\n<p>Tras una negociaci\u00f3n que avanz\u00f3 en todo momento bajo presi\u00f3n, Hugo Moyano desactiv\u00f3 ayer el paro de Camioneros que preve\u00eda para el martes y mi\u00e9rcoles pr\u00f3ximos al acordar un aumento salarial del 25 por ciento con la Federaci\u00f3n Argentina de Entidades Empresarias del Transporte de Cargas (Fadeeac), que re\u00fane a 51 c\u00e1maras del sector.<\/p>\n<p>La paritaria se pact\u00f3 ayer en un encuentro fugaz entre Moyano y Daniel Indart, presidente de la Fadeeac, en la sede de la Federaci\u00f3n de Camioneros, en la avenida Caseros 921. La suba se pagar\u00e1 en tres tramos, contempla una cl\u00e1usula de revisi\u00f3n y un bono de fin de a\u00f1o. As\u00ed, el sueldo b\u00e1sico de un camionero llegar\u00eda a $23.000, aproximadamente.<\/p>\n<p>El porcentaje que sell\u00f3 el gremio de Moyano supera el 15%, la pauta salarial de referencia que hab\u00eda trazado el Ministerio de Trabajo y que hab\u00eda sido aceptada por una amplia mayor\u00eda de sindicatos. \"No es lo que pretend\u00edamos, pero el aumento se acerc\u00f3 bastante al 27%. Y es m\u00e1s de lo que muchas otras organizaciones firmaron por presi\u00f3n del Gobierno\", dijo Moyano en una conferencia de prensa que fue convocada de urgencia.<\/p>\n<p>Tras el acuerdo, Moyano suspendi\u00f3 la medida de fuerza sectorial de 48 horas con la que hab\u00eda amenazado si no lograba un alza del 27%. El gremio de los camioneros, sin embargo, adherir\u00e1 a la huelga que convoc\u00f3 la CGT para el lunes pr\u00f3ximo. \"Adherimos al paro del lunes y vamos a parar como si fuera un paro nuestro\", se\u00f1al\u00f3 el jefe camionero.<\/p>\n<p>Despu\u00e9s de la protesta del jueves pasado, con la conciliaci\u00f3n obligatoria vigente, el Ministerio de Trabajo hab\u00eda citado para ayer al sindicato y a los empresarios. Pero el encuentro se cancel\u00f3 y las partes acordaron sin la presencia de los funcionarios del organismo que encabeza Jorge Triaca . El ministro deber\u00eda convalidar el acta en los pr\u00f3ximos d\u00edas, aunque se acumulan antecedentes de casos que no fueron homologados por superar la pauta del 15%.<\/p>\n<p>Como parte de la negociaci\u00f3n con la CGT , el Gobierno habilit\u00f3 hace diez d\u00edas, mediante un decreto, \"negociar voluntariamente\" una recomposici\u00f3n salarial de un 5%. Para los gremios fue insuficiente tras la fuerte devaluaci\u00f3n. Ayer, Moyano quiz\u00e1s fij\u00f3 el techo para las negociaciones que se avecinan, a pesar que las estimaciones proyectan una inflaci\u00f3n entre 27 y 30%.<\/p>\n<p>\"El Gobierno deber\u00e1 tomar conocimiento del acuerdo y convalidar el aumento, le guste o no le guste. Si no pagan, at\u00e9nganse a las consecuencias. No necesita ser homologado. Hemos hablado de este tema con los abogados del gremio\", desafi\u00f3 Moyano, rodeado de su hijo Pablo y de la c\u00fapula de Camioneros. Y agreg\u00f3 algunos detalles de la paritaria: \"Es un 25% m\u00e1s un bono de fin de a\u00f1o [el de 2017 fue de $9500] y ese porcentaje se aplica a los adicionales\".<\/p>\n<p>Moyano aprovech\u00f3 el anuncio para profundizar su pelea con la Casa Rosada. Volvi\u00f3 a la carga en una de sus viejas reivindicaciones: la eliminaci\u00f3n del impuesto a las ganancias. Ejemplific\u00f3 las distorsiones del tributo con el caso de una barrendera afiliada a su gremio a quien le habr\u00edan descontado $9000 del salario. \"Este gobierno hab\u00eda prometido eliminar el impuesto a las ganancias\", chicane\u00f3 el l\u00edder sindical.<\/p>\n<p>El trato de los camioneros ser\u00e1 tomado como testigo por otros sindicatos que est\u00e1n con su negociaci\u00f3n en curso. Ya dio un paso en ese sentido el titular del gremio de la Alimentaci\u00f3n, Rodolfo Daer, que reclam\u00f3 un 25%. Su paritaria est\u00e1 por ahora estancada y es probable, adem\u00e1s, que logre un adicional de 1,5 o 2 puntos por la cl\u00e1usula gatillo del acuerdo de 2017, que se activ\u00f3 producto de la inflaci\u00f3n. Los gremios telef\u00f3nicos tambi\u00e9n est\u00e1n a la espera de negociar salarios con un escenario de mayor previsibilidad y tomar\u00edan el caso como referencia.<\/p>\n<p>La mayor\u00eda de los sindicatos que acordaron subas del 15% cuentan con cl\u00e1usulas de revisi\u00f3n. Comercio, que es la paritaria m\u00e1s grande del sector privado, con 1.200.000 afiliados, renegociar\u00e1 formalmente en septiembre, aunque el gremio y las c\u00e1maras empresarias del sector ya avanzaron en una recomposici\u00f3n que superar\u00eda el 5% que autoriz\u00f3 el Gobierno.<\/p>\n<p>En un contexto de inflaci\u00f3n vol\u00e1til, la reapertura de las paritarias se ubic\u00f3 como la demanda central de los sindicatos. Es una de las cuentas del rosario de reclamos que argument\u00f3 la CGT para justificar la huelga del lunes pr\u00f3ximo, que se anticipa que tendr\u00e1 alta adhesi\u00f3n.<\/p>\n","protected":false},"excerpt":{"rendered":"<p>&nbsp; Tras una negociaci\u00f3n que avanz\u00f3 en todo momento bajo presi\u00f3n, Hugo Moyano desactiv\u00f3 ayer el paro de Camioneros que preve\u00eda para el martes y mi\u00e9rcoles pr\u00f3ximos al acordar un aumento salarial del 25 por ciento con la Federaci\u00f3n Argentina de Entidades Empresarias del Transporte de Cargas (Fadeeac), que re\u00fane a 51 c\u00e1maras del sector. [&hellip;]<\/p>\n","protected":false},"author":1,"featured_media":179821,"comment_status":"open","ping_status":"open","sticky":false,"template":"","format":"standard","meta":{"_stopmodifiedupdate":false,"_modified_date":"","inline_featured_image":false,"spay_email":"","jetpack_publicize_message":""},"categories":[5,501],"tags":[],"jetpack_featured_media_url":"https:\/\/notinor.com\/jujuy\/wp-content\/uploads\/2018\/06\/moyano-25.jpg","jetpack_publicize_connections":[],"_links":{"self":[{"href":"https:\/\/notinor.com\/jujuy\/wp-json\/wp\/v2\/posts\/179820"}],"collection":[{"href":"https:\/\/notinor.com\/jujuy\/wp-json\/wp\/v2\/posts"}],"about":[{"href":"https:\/\/notinor.com\/jujuy\/wp-json\/wp\/v2\/types\/post"}],"author":[{"embeddable":true,"href":"https:\/\/notinor.com\/jujuy\/wp-json\/wp\/v2\/users\/1"}],"replies":[{"embeddable":true,"href":"https:\/\/notinor.com\/jujuy\/wp-json\/wp\/v2\/comments?post=179820"}],"version-history":[{"count":1,"href":"https:\/\/notinor.com\/jujuy\/wp-json\/wp\/v2\/posts\/179820\/revisions"}],"predecessor-version":[{"id":179822,"href":"https:\/\/notinor.com\/jujuy\/wp-json\/wp\/v2\/posts\/179820\/revisions\/179822"}],"wp:featuredmedia":[{"embeddable":true,"href":"https:\/\/notinor.com\/jujuy\/wp-json\/wp\/v2\/media\/179821"}],"wp:attachment":[{"href":"https:\/\/notinor.com\/jujuy\/wp-json\/wp\/v2\/media?parent=179820"}],"wp:term":[{"taxonomy":"category","embeddable":true,"href":"https:\/\/notinor.com\/jujuy\/wp-json\/wp\/v2\/categories?post=179820"},{"taxonomy":"post_tag","embeddable":true,"href":"https:\/\/notinor.com\/jujuy\/wp-json\/wp\/v2\/tags?post=179820"}],"curies":[{"name":"wp","href":"https:\/\/api.w.org\/{rel}","templated":true}]}}