{"id":179816,"date":"2018-06-21T08:07:39","date_gmt":"2018-06-21T11:07:39","guid":{"rendered":"http:\/\/notinor.com\/jujuy\/?p=179816"},"modified":"2018-06-21T08:07:39","modified_gmt":"2018-06-21T11:07:39","slug":"homenaje-al-general-belgrano-y-aniversario-del-barrio-20-de-junio","status":"publish","type":"post","link":"https:\/\/notinor.com\/jujuy\/homenaje-al-general-belgrano-y-aniversario-del-barrio-20-de-junio\/","title":{"rendered":"Homenaje al General Belgrano y aniversario del Barrio 20 de Junio"},"content":{"rendered":"<p><img decoding=\"async\" loading=\"lazy\" class=\"alignnone size-medium wp-image-179817\" src=\"http:\/\/notinor.com\/jujuy\/wp-content\/uploads\/2018\/06\/Aniversario-Barrio-20-de-Junio3-533x365.jpg\" alt=\"\" width=\"533\" height=\"365\" srcset=\"https:\/\/notinor.com\/jujuy\/wp-content\/uploads\/2018\/06\/Aniversario-Barrio-20-de-Junio3-533x365.jpg 533w, https:\/\/notinor.com\/jujuy\/wp-content\/uploads\/2018\/06\/Aniversario-Barrio-20-de-Junio3-768x525.jpg 768w, https:\/\/notinor.com\/jujuy\/wp-content\/uploads\/2018\/06\/Aniversario-Barrio-20-de-Junio3-702x480.jpg 702w, https:\/\/notinor.com\/jujuy\/wp-content\/uploads\/2018\/06\/Aniversario-Barrio-20-de-Junio3.jpg 1900w\" sizes=\"(max-width: 533px) 100vw, 533px\" \/><\/p>\n<p>&nbsp;<\/p>\n<p>El evento se llev\u00f3 a cabo en la plaza principal del barrio, y la premisa fue la conmemoraci\u00f3n del legado que Manuel Belgrano dej\u00f3 al pueblo juje\u00f1o. Del mismo participaron el Intendente Ra\u00fal Jorge; el Presidente del Concejo Deliberante, Lisandro Aguiar; la Diputada Victoria Luna Murillo, funcionarios municipales, los ediles Miguel Morales, Patricia Moya, Estela Flores, Mar\u00eda Gal\u00e1n, m\u00e1s integrantes del Consejo Vecinal y vecinos del sector.<\/p>\n<p>La jornada comenz\u00f3 con el izamiento de la Banderas Nacional y Bandera de la Libertad Civil. Seguidamente se entonaron las estrofas del Himno Nacional Argentino a cargo de la Banda de M\u00fasica Municipal \"19 de Abril\".<\/p>\n<p>Posteriormente las autoridades municipales y del Centro Vecinal 20 de Junio realizaron el descubrimiento de un mural en homenaje al creador de la Bandera Nacional Argentina, el Gral. Manuel Belgrano, con la ofrenda floral correspondiente.<\/p>\n<p>En este sentido, autoridades hicieron entrega de Banderas de flameo Nacional y de la Libertad Civil a presidentes de distintas instituciones vecinales para ser colocadas en sus sedes, recordando la importancia de estos emblemas.<\/p>\n<p>Al respecto, el presidente del Concejo Deliberante Capitalino, Lisandro Aguiar, hizo referencia a la importancia del Gral. Belgrano en nuestra provincia, recordando que \"este patriota hizo bendecir la Bandera Nacional un 25 de Mayo de 1812 en nuestra ciudad, por el can\u00f3nigo Gorriti, y al a\u00f1o siguiente, luego de la gesta del \u00c9xodo, entreg\u00f3 a la ciudadan\u00eda ese pa\u00f1o que tenemos y atesoramos en Casa de Gobierno, que es la Bandera Nacional de nuestra Libertad Civil\".<\/p>\n<p>\"Jujuy es un pueblo netamente belgraniano, y es por eso que lo conmemoramos a lo largo y ancho de la provincia, y estos actos tienen que ver con el sentir nacional, ya que la bandera es la prenda de uni\u00f3n de todos los argentinos\", finaliz\u00f3 Aguiar.<\/p>\n<p>Por su parte, Romina Machaca, integrante del Centro Vecinal del Barrio 20 de Junio, manifest\u00f3 su admiraci\u00f3n por quienes fundaron el barrio: \"en este aniversario recordamos a nuestros abuelos, a los creadores de nuestra comunidad e intentamos d\u00eda a d\u00eda reivindicar sus valores basados en el patriotismo\"<\/p>\n<p>La vecinalista tambi\u00e9n recalc\u00f3 las tareas que se concretaron en miras a mejorar la calidad de vida de los vecinos del barrio \"como ser la potenciaci\u00f3n lum\u00ednica con luces led, principalmente en la plaza central del barrio, que signific\u00f3 recuperar un espacio para toda la familia\".<\/p>\n","protected":false},"excerpt":{"rendered":"<p>&nbsp; El evento se llev\u00f3 a cabo en la plaza principal del barrio, y la premisa fue la conmemoraci\u00f3n del legado que Manuel Belgrano dej\u00f3 al pueblo juje\u00f1o. Del mismo participaron el Intendente Ra\u00fal Jorge; el Presidente del Concejo Deliberante, Lisandro Aguiar; la Diputada Victoria Luna Murillo, funcionarios municipales, los ediles Miguel Morales, Patricia Moya, [&hellip;]<\/p>\n","protected":false},"author":1,"featured_media":179817,"comment_status":"open","ping_status":"open","sticky":false,"template":"","format":"standard","meta":{"_stopmodifiedupdate":false,"_modified_date":"","inline_featured_image":false,"spay_email":"","jetpack_publicize_message":""},"categories":[514],"tags":[],"jetpack_featured_media_url":"https:\/\/notinor.com\/jujuy\/wp-content\/uploads\/2018\/06\/Aniversario-Barrio-20-de-Junio3.jpg","jetpack_publicize_connections":[],"_links":{"self":[{"href":"https:\/\/notinor.com\/jujuy\/wp-json\/wp\/v2\/posts\/179816"}],"collection":[{"href":"https:\/\/notinor.com\/jujuy\/wp-json\/wp\/v2\/posts"}],"about":[{"href":"https:\/\/notinor.com\/jujuy\/wp-json\/wp\/v2\/types\/post"}],"author":[{"embeddable":true,"href":"https:\/\/notinor.com\/jujuy\/wp-json\/wp\/v2\/users\/1"}],"replies":[{"embeddable":true,"href":"https:\/\/notinor.com\/jujuy\/wp-json\/wp\/v2\/comments?post=179816"}],"version-history":[{"count":1,"href":"https:\/\/notinor.com\/jujuy\/wp-json\/wp\/v2\/posts\/179816\/revisions"}],"predecessor-version":[{"id":179818,"href":"https:\/\/notinor.com\/jujuy\/wp-json\/wp\/v2\/posts\/179816\/revisions\/179818"}],"wp:featuredmedia":[{"embeddable":true,"href":"https:\/\/notinor.com\/jujuy\/wp-json\/wp\/v2\/media\/179817"}],"wp:attachment":[{"href":"https:\/\/notinor.com\/jujuy\/wp-json\/wp\/v2\/media?parent=179816"}],"wp:term":[{"taxonomy":"category","embeddable":true,"href":"https:\/\/notinor.com\/jujuy\/wp-json\/wp\/v2\/categories?post=179816"},{"taxonomy":"post_tag","embeddable":true,"href":"https:\/\/notinor.com\/jujuy\/wp-json\/wp\/v2\/tags?post=179816"}],"curies":[{"name":"wp","href":"https:\/\/api.w.org\/{rel}","templated":true}]}}