{"id":179785,"date":"2018-06-21T06:48:02","date_gmt":"2018-06-21T09:48:02","guid":{"rendered":"http:\/\/notinor.com\/jujuy\/?p=179785"},"modified":"2018-06-21T06:48:02","modified_gmt":"2018-06-21T09:48:02","slug":"se-ignauguro-la-ruta-18-entre-huacalera-y-alonso","status":"publish","type":"post","link":"https:\/\/notinor.com\/jujuy\/se-ignauguro-la-ruta-18-entre-huacalera-y-alonso\/","title":{"rendered":"Se ignaugur\u00f3 la ruta 18 entre Huacalera y Alonso"},"content":{"rendered":"<div id=\"header-wrap\">\n<div id=\"header\" class=\"stuck\">\n<div class=\"container\">\n<div class=\"row\">\n<div class=\"span9\">\n<nav>El gobernador Gerardo Morales encabez\u00f3 la ceremonia inaugural de la primera etapa de la Ruta Provincial N\u00ba 18, que vincular Huacalera y Alonso. El acto se realiz\u00f3 en el mirador \u201cMarcelino Mendoza\u201d, quien fue uno de los pioneros en llevar adelante el proyecto del camino carretero para las comunidades.<\/p>\n<\/nav>\n<\/div>\n<\/div>\n<\/div>\n<\/div>\n<\/div>\n<div id=\"content\">\n<div class=\"post-38565 post type-post status-publish format-standard has-post-thumbnail hentry category-widget category-destacadas tag-camino-a-alonso tag-gerardo-morales tag-huacalera tag-ruta-18\">\n<div class=\"post-content\">\n<figure id=\"attachment_38560\" class=\"wp-caption aligncenter\"><img decoding=\"async\" loading=\"lazy\" class=\"wp-image-38560 size-large\" src=\"http:\/\/prensa.jujuy.gob.ar\/wp-content\/uploads\/sites\/37\/2018\/06\/IMG_5475-7-1024x683.jpg\" sizes=\"(max-width: 1024px) 100vw, 1024px\" srcset=\"http:\/\/prensa.jujuy.gob.ar\/wp-content\/uploads\/sites\/37\/2018\/06\/IMG_5475-7-1024x683.jpg 1024w, http:\/\/prensa.jujuy.gob.ar\/wp-content\/uploads\/sites\/37\/2018\/06\/IMG_5475-7-300x200.jpg 300w, http:\/\/prensa.jujuy.gob.ar\/wp-content\/uploads\/sites\/37\/2018\/06\/IMG_5475-7-768x512.jpg 768w, http:\/\/prensa.jujuy.gob.ar\/wp-content\/uploads\/sites\/37\/2018\/06\/IMG_5475-7-600x400.jpg 600w, http:\/\/prensa.jujuy.gob.ar\/wp-content\/uploads\/sites\/37\/2018\/06\/IMG_5475-7-1140x760.jpg 1140w, http:\/\/prensa.jujuy.gob.ar\/wp-content\/uploads\/sites\/37\/2018\/06\/IMG_5475-7-480x320.jpg 480w, http:\/\/prensa.jujuy.gob.ar\/wp-content\/uploads\/sites\/37\/2018\/06\/IMG_5475-7-960x640.jpg 960w\" alt=\"IMG_5475-7\" width=\"1024\" height=\"683\" \/><figcaption class=\"wp-caption-text\">Se inaugur\u00f3 la Ruta 18 entre Huacalera y Alonso<\/figcaption><\/figure>\n<p>&nbsp;<\/p>\n<p>Adem\u00e1s de patentizar la uni\u00f3n de las comunidades juje\u00f1as y garantizar un tr\u00e1nsito seguro, el camino integra un corredor educativo tur\u00edstico y productivo.<\/p>\n<p>Esta primera etapa del corredor educativo, tur\u00edstico y productivo Alonso \u2013 Yala de Monte Carmelo \u2013 Loma Larga \u2013 tramo Huacalera, Ruta Provincial N\u00ba 18; se llev\u00f3 adelante con recursos de la Provincia, con m\u00e1quinas y operarios de la Direcci\u00f3n Provincial de Vialidad desde julio de 2017. Este primer trayecto de 25 kilometros, une Huacalera y Alonso, llegando a la escuela N\u00ba 133 Juan Domingo Per\u00f3n, que se encuentra en dicha localidad.<\/p>\n<p>Estuvo acompa\u00f1ado por el ministro de Infraestructura, Servicios P\u00fablicos, Tierra y Vivienda Jorge Rizzotti; el director de Vialidad, Hugo Monta\u00f1o, y los trabajadores encargados de efectuar dicha obra.<\/p>\n<p>\u201cSer\u00e1 un gran camino que llegar\u00e1 hasta Tilcara y permitir\u00e1 constituir un circuito tur\u00edstico estrat\u00e9gico para el futuro de la regi\u00f3n\u201d, defini\u00f3 el mandatario.<\/p>\n<p>Resalt\u00f3 que la obra se ejecut\u00f3 con m\u00e1quinas propias del Gobierno de la Provincia y trabajadores de Vialidad, \u201clo que implica un gran esfuerzo del Estado que cumple el compromiso de llegar con obras a quienes las necesitan\u201d, acot\u00f3.<\/p>\n<p>En otro orden, formul\u00f3 un amplio reconocimiento a los equipos del Ministerio de Infraestructura y de la Direcci\u00f3n Provincial de Vialidad, \u201cque concretaron una obra sumamente necesaria y largamente esperada por el pueblo de Huacalera\u201d y record\u00f3 que \u201cen cada visita a esta localidad recib\u00ed reiterados pedidos por este camino, el cual ahora es una realidad, dejando atr\u00e1s d\u00e9cadas de postergaci\u00f3n\u201d.<\/p>\n<p>Por su parte, Rizzotti explic\u00f3 que \u201ceste era un sue\u00f1o para todos aquellos que acompa\u00f1amos al Gobernador, que desde el inicio decidi\u00f3 retomar la obra p\u00fablica en beneficio del pueblo de Jujuy, transformando eso que era una bolsa de corrupci\u00f3n\u201d.<\/p>\n<p>\u201cEs por ello que cuando se toma la decisi\u00f3n invertimos 300 millones de pesos de recurso propios para la compra de m\u00e1quinas, ten\u00edamos la certezas de que estas nos iban a permitir cumplir con ese objetivo, con la obra p\u00fablica que los juje\u00f1os han so\u00f1ado\u201d, cerr\u00f3.<\/p>\n<p>Tambi\u00e9n estuvieron presentes la ministra de Educaci\u00f3n, Isolda Calsina; su par de Desarrollo Humano, Ada Galfr\u00e9; el ministro de Trabajo y Empleo, Jorge Cabana Fusz; los senadores nacionales Mario Fiad y Silvia Giacoppo, las diputadas nacionales Alejandra Mart\u00ednez y Gabriela Burgos; funcionarios, legisladores provinciales, representantes de localidades vecinas, delegaciones escolares, agrupaciones tradicionalistas, invitados especiales y comunidad en general.<\/p>\n<\/div>\n<\/div>\n<\/div>\n","protected":false},"excerpt":{"rendered":"<p>El gobernador Gerardo Morales encabez\u00f3 la ceremonia inaugural de la primera etapa de la Ruta Provincial N\u00ba 18, que vincular Huacalera y Alonso. El acto se realiz\u00f3 en el mirador \u201cMarcelino Mendoza\u201d, quien fue uno de los pioneros en llevar adelante el proyecto del camino carretero para las comunidades. Se inaugur\u00f3 la Ruta 18 entre [&hellip;]<\/p>\n","protected":false},"author":1,"featured_media":179786,"comment_status":"open","ping_status":"open","sticky":false,"template":"","format":"standard","meta":{"_stopmodifiedupdate":false,"_modified_date":"","inline_featured_image":false,"spay_email":"","jetpack_publicize_message":""},"categories":[2],"tags":[],"jetpack_featured_media_url":"https:\/\/notinor.com\/jujuy\/wp-content\/uploads\/2018\/06\/ruta-18.jpg","jetpack_publicize_connections":[],"_links":{"self":[{"href":"https:\/\/notinor.com\/jujuy\/wp-json\/wp\/v2\/posts\/179785"}],"collection":[{"href":"https:\/\/notinor.com\/jujuy\/wp-json\/wp\/v2\/posts"}],"about":[{"href":"https:\/\/notinor.com\/jujuy\/wp-json\/wp\/v2\/types\/post"}],"author":[{"embeddable":true,"href":"https:\/\/notinor.com\/jujuy\/wp-json\/wp\/v2\/users\/1"}],"replies":[{"embeddable":true,"href":"https:\/\/notinor.com\/jujuy\/wp-json\/wp\/v2\/comments?post=179785"}],"version-history":[{"count":1,"href":"https:\/\/notinor.com\/jujuy\/wp-json\/wp\/v2\/posts\/179785\/revisions"}],"predecessor-version":[{"id":179787,"href":"https:\/\/notinor.com\/jujuy\/wp-json\/wp\/v2\/posts\/179785\/revisions\/179787"}],"wp:featuredmedia":[{"embeddable":true,"href":"https:\/\/notinor.com\/jujuy\/wp-json\/wp\/v2\/media\/179786"}],"wp:attachment":[{"href":"https:\/\/notinor.com\/jujuy\/wp-json\/wp\/v2\/media?parent=179785"}],"wp:term":[{"taxonomy":"category","embeddable":true,"href":"https:\/\/notinor.com\/jujuy\/wp-json\/wp\/v2\/categories?post=179785"},{"taxonomy":"post_tag","embeddable":true,"href":"https:\/\/notinor.com\/jujuy\/wp-json\/wp\/v2\/tags?post=179785"}],"curies":[{"name":"wp","href":"https:\/\/api.w.org\/{rel}","templated":true}]}}