{"id":179751,"date":"2018-06-21T08:00:28","date_gmt":"2018-06-21T11:00:28","guid":{"rendered":"http:\/\/notinor.com\/jujuy\/?p=179751"},"modified":"2018-06-20T20:34:46","modified_gmt":"2018-06-20T23:34:46","slug":"instagram-lanza-nueva-aplicacion-de-videos-igtv","status":"publish","type":"post","link":"https:\/\/notinor.com\/jujuy\/instagram-lanza-nueva-aplicacion-de-videos-igtv\/","title":{"rendered":"Instagram lanza nueva aplicaci\u00f3n de videos IGTV"},"content":{"rendered":"<p><a href=\"http:\/\/notinor.com\/jujuy\/instagram-lanza-nueva-aplicacion-de-videos-igtv\/1-2873\/\" rel=\"attachment wp-att-179752\"><img decoding=\"async\" loading=\"lazy\" src=\"http:\/\/notinor.com\/jujuy\/wp-content\/uploads\/2018\/06\/1-181-699x480.jpg\" alt=\"\" width=\"699\" height=\"480\" \/><\/a><\/p>\n<p>&nbsp;<\/p>\n<p>\"Desde nuestro\u00a0lanzamiento\u00a0en 2010, hemos visto con asombro c\u00f3mo la comunidad ha prosperado y crecido. Este es un gran logro\", se\u00f1al\u00f3 el consejero delegado de\u00a0Instagram, Kevin Systrom.<\/p>\n<p>En el acto,\u00a0Instagram, propiedad de Facebook, present\u00f3\u00a0IGTV, una\u00a0nueva\u00a0aplicaci\u00f3n\u00a0que permite ver\u00a0videos\u00a0de hasta\u00a0una hora\u00a0de\u00a0duraci\u00f3n\u00a0centrada en los creadores profesionales de contenidos y celebridades que usan esta red social.<\/p>\n<p>IGTV\u00a0es una\u00a0aplicaci\u00f3n\u00a0independiente y tambi\u00e9n una opci\u00f3n dentro de la plataforma de\u00a0Instagram.<\/p>\n<p>Est\u00e1 especialmente dise\u00f1ada para ver en el\u00a0tel\u00e9fono\u00a0m\u00f3vil\u00a0videos\u00a0o programas de larga duraci\u00f3n en formato vertical creados por estrellas de las redes sociales o del mundo del espect\u00e1culo con millones de seguidores en\u00a0Instagram.<\/p>\n<p>IGTV\u00a0funciona como cuando se enciende una televisi\u00f3n: al abrir la\u00a0aplicaci\u00f3n, comienzan a reproducirse los\u00a0videos.<\/p>\n<p>Instagram\u00a0se\u00f1al\u00f3 hoy que cuentas muy populares como las de Kevin Hart, Kim Kardashian West, Nicky Jam, Chris Hemsworth o Lele Pons ya han empezado a usar\u00a0IGTV.<\/p>\n<p>Para los usuarios normales, el l\u00edmite de duraci\u00f3n ser\u00e1 de 10 minutos por\u00a0video.<\/p>\n<p>\"Instagram\u00a0siempre ha sido un lugar para conectar con gente que te inspira, educa y entretiene cada d\u00eda. Con tu ayuda,\u00a0IGTV\u00a0comienza un nuevo cap\u00edtulo de\u00a0video\u00a0en\u00a0Instagram. Esperamos que te acerque a las personas y las cosas que aman\", afirm\u00f3 Systrom.<\/p>\n<p>Con el lanzamiento de\u00a0IGTV,\u00a0Instagram\u00a0entra en\u00a0competici\u00f3n directa\u00a0con la\u00a0televisi\u00f3n tradicional\u00a0y con el sitio de\u00a0videos YouTube, propiedad de Google, a la hora de ofrecer contenidos audiovisuales de larga duraci\u00f3n.<\/p>\n","protected":false},"excerpt":{"rendered":"<p>&nbsp; \"Desde nuestro\u00a0lanzamiento\u00a0en 2010, hemos visto con asombro c\u00f3mo la comunidad ha prosperado y crecido. Este es un gran logro\", se\u00f1al\u00f3 el consejero delegado de\u00a0Instagram, Kevin Systrom. En el acto,\u00a0Instagram, propiedad de Facebook, present\u00f3\u00a0IGTV, una\u00a0nueva\u00a0aplicaci\u00f3n\u00a0que permite ver\u00a0videos\u00a0de hasta\u00a0una hora\u00a0de\u00a0duraci\u00f3n\u00a0centrada en los creadores profesionales de contenidos y celebridades que usan esta red social. IGTV\u00a0es una\u00a0aplicaci\u00f3n\u00a0independiente y [&hellip;]<\/p>\n","protected":false},"author":1,"featured_media":179752,"comment_status":"open","ping_status":"open","sticky":false,"template":"","format":"standard","meta":{"_stopmodifiedupdate":false,"_modified_date":"","inline_featured_image":false,"spay_email":"","jetpack_publicize_message":""},"categories":[16],"tags":[],"jetpack_featured_media_url":"https:\/\/notinor.com\/jujuy\/wp-content\/uploads\/2018\/06\/1-181.jpg","jetpack_publicize_connections":[],"_links":{"self":[{"href":"https:\/\/notinor.com\/jujuy\/wp-json\/wp\/v2\/posts\/179751"}],"collection":[{"href":"https:\/\/notinor.com\/jujuy\/wp-json\/wp\/v2\/posts"}],"about":[{"href":"https:\/\/notinor.com\/jujuy\/wp-json\/wp\/v2\/types\/post"}],"author":[{"embeddable":true,"href":"https:\/\/notinor.com\/jujuy\/wp-json\/wp\/v2\/users\/1"}],"replies":[{"embeddable":true,"href":"https:\/\/notinor.com\/jujuy\/wp-json\/wp\/v2\/comments?post=179751"}],"version-history":[{"count":3,"href":"https:\/\/notinor.com\/jujuy\/wp-json\/wp\/v2\/posts\/179751\/revisions"}],"predecessor-version":[{"id":179755,"href":"https:\/\/notinor.com\/jujuy\/wp-json\/wp\/v2\/posts\/179751\/revisions\/179755"}],"wp:featuredmedia":[{"embeddable":true,"href":"https:\/\/notinor.com\/jujuy\/wp-json\/wp\/v2\/media\/179752"}],"wp:attachment":[{"href":"https:\/\/notinor.com\/jujuy\/wp-json\/wp\/v2\/media?parent=179751"}],"wp:term":[{"taxonomy":"category","embeddable":true,"href":"https:\/\/notinor.com\/jujuy\/wp-json\/wp\/v2\/categories?post=179751"},{"taxonomy":"post_tag","embeddable":true,"href":"https:\/\/notinor.com\/jujuy\/wp-json\/wp\/v2\/tags?post=179751"}],"curies":[{"name":"wp","href":"https:\/\/api.w.org\/{rel}","templated":true}]}}