{"id":179747,"date":"2018-06-21T05:00:40","date_gmt":"2018-06-21T08:00:40","guid":{"rendered":"http:\/\/notinor.com\/jujuy\/?p=179747"},"modified":"2018-06-21T08:13:45","modified_gmt":"2018-06-21T11:13:45","slug":"el-intendente-valoro-la-figura-de-belgrano-y-anuncio-que-la-obra-publica-no-se-para","status":"publish","type":"post","link":"https:\/\/notinor.com\/jujuy\/el-intendente-valoro-la-figura-de-belgrano-y-anuncio-que-la-obra-publica-no-se-para\/","title":{"rendered":"El intendente valor\u00f3 la figura de Belgrano y anunci\u00f3 que \u201cla obra p\u00fablica no se para\u201d"},"content":{"rendered":"<p><img decoding=\"async\" loading=\"lazy\" class=\"alignnone size-medium wp-image-174410\" src=\"http:\/\/notinor.com\/jujuy\/wp-content\/uploads\/2018\/05\/chuli-jorge-660x356.jpg\" alt=\"\" width=\"660\" height=\"356\" srcset=\"https:\/\/notinor.com\/jujuy\/wp-content\/uploads\/2018\/05\/chuli-jorge-660x356.jpg 660w, https:\/\/notinor.com\/jujuy\/wp-content\/uploads\/2018\/05\/chuli-jorge-768x415.jpg 768w, https:\/\/notinor.com\/jujuy\/wp-content\/uploads\/2018\/05\/chuli-jorge-350x190.jpg 350w, https:\/\/notinor.com\/jujuy\/wp-content\/uploads\/2018\/05\/chuli-jorge.jpg 815w\" sizes=\"(max-width: 660px) 100vw, 660px\" \/><\/p>\n<p>&nbsp;<\/p>\n<p>En el acto central municipal por el D\u00eda de la Bandera, fecha que conmemora el paso a la inmortalidad del General Manuel Belgrano, el intendente capitalino, Ra\u00fal \u201cChuli\u201d Jorge, evoc\u00f3 la figura del pr\u00f3cer, expresando la importancia que tiene para los juje\u00f1os y el ejemplo que dej\u00f3 para los argentinos.<\/p>\n<p>El intendente record\u00f3 las famosas \u00faltimas palabras que pronunci\u00f3 el general en su lecho de muerte, \u201c\u00a1ay! Patria m\u00eda!\u201d, como palabras que deber\u00edan invitarnos a la reflexi\u00f3n y no como una frase m\u00e1s de la historia, ya que \u201ctiene que ver con los d\u00edas que vivimos hoy, cuando el pa\u00eds tiene crisis, tiene dificultades, como ha pasado en la historia argentina en muchos momentos de la historia; tenemos que entender que esa exclamaci\u00f3n tiene que ver con una preocupaci\u00f3n por el pa\u00eds, por la patria, por sus ciudadanos, por el presente y el futuro\u201d.<\/p>\n<p>\u201cEl General Belgrano, con una profunda formaci\u00f3n acad\u00e9mica que recibi\u00f3 en Espa\u00f1a, abraz\u00f3 inmediatamente la causa americana y las vertientes m\u00e1s revolucionarias, m\u00e1s localistas con una visi\u00f3n de lo que pasaba en otros lugares del mundo\u201d, sostuvo.<\/p>\n<p>Ampliando el concepto expres\u00f3 que los hombres como Belgrano, \u201centend\u00edan que la construcci\u00f3n de un nuevo pa\u00eds, de un nuevo territorio, ten\u00eda que ver con otra identidad, y fundamentalmente con una concepci\u00f3n diferente hasta en el modelo de c\u00f3mo se manejaba el mundo en esos momentos; con una idea preclara de participaci\u00f3n de integraci\u00f3n, de inclusividad\u201d.<\/p>\n<h2><strong>EL INTENDENTE BELGRANIANO DE UNA CIUDAD BELGRANIANA<\/strong><\/h2>\n<p>\u201cChuli\u201d Jorge se defini\u00f3 a si mismo como \u201cun belgraniano\u201d, por su identificaci\u00f3n con el pr\u00f3cer m\u00e1s que con otra figura patri\u00f3tica.<\/p>\n<p>En este sentido relat\u00f3 an\u00e9cdotas de cuando era concejal de la ciudad, cuando por su gesti\u00f3n se impuso el nombre del pr\u00f3cer tanto al puente que une Los Perales y Huaico, como cuando se proyect\u00f3 un nuevo gran espacio verde para Alto Comedero.<\/p>\n<p>\u201cEn los 90 siendo concejal, cuando se supo del puente que se iba a construir, propuse que no pod\u00eda ser que en la ciudad de San Salvador de Jujuy existiera un Puente San Mart\u00edn y no existiera un Puente Belgrano. \u00a0Propuse una minuta de comunicaci\u00f3n para que el puente que se constru\u00eda en Los Perales, llevara el nombre del General Belgrano y, en forma un\u00e1nime, sancionamos aun teniendo en cuenta que esto era una decisi\u00f3n del gobierno provincial, que fue el que gestion\u00f3 y financi\u00f3\u201d, record\u00f3.<\/p>\n<p>\u201cFue tal la presi\u00f3n colectiva de distintos sectores que en el momento que se inaugur\u00f3 ese puente el entonces gobernador, el Dr. Fellner, se me acerc\u00f3 y me dijo \"mir\u00e1 lo que logr\u00f3 ese papelito que nos mandaron\u201d, ya que fue como un mandato popular\u201d, complet\u00f3.<\/p>\n<p>En igual sentido, cuando el Concejo Deliberante discut\u00eda el destino de un gran sector de Alto Comedero, \u201cChuli\u201d Jorge rememor\u00f3, \u00a0\u201ccon el mismo argumento dije que no pod\u00eda existir en esta ciudad tan belgraniana un parque San Mart\u00edn -que tan merecido lo tiene, sin dudas- y no exist\u00eda un Parque General Belgrano.\u00a0 Por eso tambi\u00e9n aprobamos eso.\u00a0 Nos llev\u00f3 muchos a\u00f1os de presentaciones y de gestiones en la Legislatura para la cesi\u00f3n al municipio de estas 15 hect\u00e1reas que hoy por hoy est\u00e1n en plena construcci\u00f3n y que vamos a inaugurar en octubre\u201d.<\/p>\n<h2><strong>\"LA OBRA P\u00daBLICA NO SE PARA\"<\/strong><\/h2>\n<p>Sobre este parque, el Ejecutivo Municipal asegur\u00f3, \u201cpor ah\u00ed se dice que la obra est\u00e1 parada pero, a ra\u00edz de los esfuerzos que hace el municipio, desde nuestra Secretar\u00eda de Hacienda, en combinaci\u00f3n con nuestra Secretar\u00eda de Obras P\u00fablicas, a pesar del pedido de Naci\u00f3n de parar obras o refinanciarlas o alargar las curvas, el parque se sigue construyendo\u201d.<\/p>\n<p>\u201cFundamentalmente ponemos acento en lo que llamamos N\u00facleo de Inclusi\u00f3n Social, el NIDO, que tiene una continuidad.\u00a0 Vamos a seguir trabajando para hacer que este a\u00f1o contemos con este espacio tan necesario para Alto Comedero\u201d, finaliz\u00f3.<\/p>\n","protected":false},"excerpt":{"rendered":"<p>&nbsp; En el acto central municipal por el D\u00eda de la Bandera, fecha que conmemora el paso a la inmortalidad del General Manuel Belgrano, el intendente capitalino, Ra\u00fal \u201cChuli\u201d Jorge, evoc\u00f3 la figura del pr\u00f3cer, expresando la importancia que tiene para los juje\u00f1os y el ejemplo que dej\u00f3 para los argentinos. El intendente record\u00f3 las [&hellip;]<\/p>\n","protected":false},"author":1,"featured_media":174410,"comment_status":"open","ping_status":"open","sticky":false,"template":"","format":"standard","meta":{"_stopmodifiedupdate":false,"_modified_date":"","inline_featured_image":false,"spay_email":"","jetpack_publicize_message":""},"categories":[519,501],"tags":[],"jetpack_featured_media_url":"https:\/\/notinor.com\/jujuy\/wp-content\/uploads\/2018\/05\/chuli-jorge.jpg","jetpack_publicize_connections":[],"_links":{"self":[{"href":"https:\/\/notinor.com\/jujuy\/wp-json\/wp\/v2\/posts\/179747"}],"collection":[{"href":"https:\/\/notinor.com\/jujuy\/wp-json\/wp\/v2\/posts"}],"about":[{"href":"https:\/\/notinor.com\/jujuy\/wp-json\/wp\/v2\/types\/post"}],"author":[{"embeddable":true,"href":"https:\/\/notinor.com\/jujuy\/wp-json\/wp\/v2\/users\/1"}],"replies":[{"embeddable":true,"href":"https:\/\/notinor.com\/jujuy\/wp-json\/wp\/v2\/comments?post=179747"}],"version-history":[{"count":2,"href":"https:\/\/notinor.com\/jujuy\/wp-json\/wp\/v2\/posts\/179747\/revisions"}],"predecessor-version":[{"id":179819,"href":"https:\/\/notinor.com\/jujuy\/wp-json\/wp\/v2\/posts\/179747\/revisions\/179819"}],"wp:featuredmedia":[{"embeddable":true,"href":"https:\/\/notinor.com\/jujuy\/wp-json\/wp\/v2\/media\/174410"}],"wp:attachment":[{"href":"https:\/\/notinor.com\/jujuy\/wp-json\/wp\/v2\/media?parent=179747"}],"wp:term":[{"taxonomy":"category","embeddable":true,"href":"https:\/\/notinor.com\/jujuy\/wp-json\/wp\/v2\/categories?post=179747"},{"taxonomy":"post_tag","embeddable":true,"href":"https:\/\/notinor.com\/jujuy\/wp-json\/wp\/v2\/tags?post=179747"}],"curies":[{"name":"wp","href":"https:\/\/api.w.org\/{rel}","templated":true}]}}