{"id":17881,"date":"2015-02-28T01:22:42","date_gmt":"2015-02-28T04:22:42","guid":{"rendered":"http:\/\/notinor.com\/jujuy\/?p=17881"},"modified":"2015-02-28T01:22:42","modified_gmt":"2015-02-28T04:22:42","slug":"ultima-noche-de-corsos-capitalinos","status":"publish","type":"post","link":"https:\/\/notinor.com\/jujuy\/ultima-noche-de-corsos-capitalinos\/","title":{"rendered":"Ultima noche de Corsos Capitalinos"},"content":{"rendered":"<p>Una noche m\u00e1s los vecinos de la ciudad\u00a0 podr\u00e1n vivenciar ma\u00f1ana s\u00e1bado desde las 19 horas, el \u00faltimo desfile de los Corsos Capitalinos 2015,\u00a0 que la Municipalidad de San Salvador de Jujuy realiz\u00f3 en diferentes lugares de la Tacita de Plata para que la familia pueda disfrutar del paso de alrededor de cuarenta comparsas y\u00a0 murgas,\u00a0 desplegando todo su baile y brillo, en el marco de los festejos carnestolendos.<\/p>\n<p>En este sentido, el Director de Cultura, dependiente de la Secretar\u00eda de Cultura y Turismo de la Municipalidad de San Salador de Jujuy, Jos\u00e9 Rodr\u00edguez B\u00e1rcena hizo efectiva la invitaci\u00f3n a participar de los corsos municipales que por \u00faltima noche se realizar\u00e1n ma\u00f1ana en Avenida Savio desde las 19 horas, desde Cancha de Gimnasia y Esgrima de Jujuy hasta Avda. Rio Bamba.<\/p>\n<p><a href=\"http:\/\/notinor.com\/jujuy\/wp-content\/uploads\/2015\/02\/Corsos-capitalinos-1.jpg\"><img decoding=\"async\" loading=\"lazy\" class=\"aligncenter wp-image-16877 size-full\" src=\"http:\/\/notinor.com\/jujuy\/wp-content\/uploads\/2015\/02\/Corsos-capitalinos-1.jpg\" alt=\"Corsos capitalinos 1\" width=\"900\" height=\"597\" srcset=\"https:\/\/notinor.com\/jujuy\/wp-content\/uploads\/2015\/02\/Corsos-capitalinos-1.jpg 900w, https:\/\/notinor.com\/jujuy\/wp-content\/uploads\/2015\/02\/Corsos-capitalinos-1-300x199.jpg 300w\" sizes=\"(max-width: 900px) 100vw, 900px\" \/><\/a><\/p>\n<p>Barcena sostuvo que \u201cse trata de la quinta noche, la noche de cierre, luego del transcurso de las cuatro previas que han sido muy positivas, puesto que se ha logrado volver a instalar el corso en diversos espacios de la ciudad, las dos primeras en la Avenida Gral Savio luego en Alto Comedero, en Avenida Marina Vilte y por primera vez en la Avenida Teniente Far\u00edas, que ha sido muy bienvenido por los vecinos\u201d.<\/p>\n<p>Consider\u00f3 el funcionario municipal que \u201chemos contado con una presencia masiva de p\u00fablico muy interesante, como as\u00ed tambi\u00e9n disfrutar de los ritmos que han logrado demostrar las comparsas durante los desfiles, sin baches, sin demoras entre comparsa y comparsa, lo que nos toc\u00f3 vivir una brillante din\u00e1mica como espect\u00e1culo carnestolendo\u201d.<\/p>\n<p>En este contexto, anticip\u00f3 B\u00e1rcena que \u201cya ultimando los detalles, para la noche de cierre en la Avenida General Savio, tendremos la posible visita de dos comparsas provenientes de la Provincia de Salta,\u00a0 de la localidad de Oran y de Rosario de Lerma,\u00a0 que vienen a mostrar su arte en los corsos de San Salvador\u201d.<\/p>\n","protected":false},"excerpt":{"rendered":"<p>Una noche m\u00e1s los vecinos de la ciudad\u00a0 podr\u00e1n vivenciar ma\u00f1ana s\u00e1bado desde las 19 horas, el \u00faltimo desfile de los Corsos Capitalinos 2015,\u00a0 que la Municipalidad de San Salvador de Jujuy realiz\u00f3 en diferentes lugares de la Tacita de Plata para que la familia pueda disfrutar del paso de alrededor de cuarenta comparsas y\u00a0 [&hellip;]<\/p>\n","protected":false},"author":1,"featured_media":17882,"comment_status":"open","ping_status":"open","sticky":false,"template":"","format":"standard","meta":{"_stopmodifiedupdate":false,"_modified_date":"","inline_featured_image":false},"categories":[21],"tags":[],"jetpack_featured_media_url":"https:\/\/notinor.com\/jujuy\/wp-content\/uploads\/2015\/02\/Corsos-capitalinos.jpg","_links":{"self":[{"href":"https:\/\/notinor.com\/jujuy\/wp-json\/wp\/v2\/posts\/17881"}],"collection":[{"href":"https:\/\/notinor.com\/jujuy\/wp-json\/wp\/v2\/posts"}],"about":[{"href":"https:\/\/notinor.com\/jujuy\/wp-json\/wp\/v2\/types\/post"}],"author":[{"embeddable":true,"href":"https:\/\/notinor.com\/jujuy\/wp-json\/wp\/v2\/users\/1"}],"replies":[{"embeddable":true,"href":"https:\/\/notinor.com\/jujuy\/wp-json\/wp\/v2\/comments?post=17881"}],"version-history":[{"count":1,"href":"https:\/\/notinor.com\/jujuy\/wp-json\/wp\/v2\/posts\/17881\/revisions"}],"predecessor-version":[{"id":17883,"href":"https:\/\/notinor.com\/jujuy\/wp-json\/wp\/v2\/posts\/17881\/revisions\/17883"}],"wp:featuredmedia":[{"embeddable":true,"href":"https:\/\/notinor.com\/jujuy\/wp-json\/wp\/v2\/media\/17882"}],"wp:attachment":[{"href":"https:\/\/notinor.com\/jujuy\/wp-json\/wp\/v2\/media?parent=17881"}],"wp:term":[{"taxonomy":"category","embeddable":true,"href":"https:\/\/notinor.com\/jujuy\/wp-json\/wp\/v2\/categories?post=17881"},{"taxonomy":"post_tag","embeddable":true,"href":"https:\/\/notinor.com\/jujuy\/wp-json\/wp\/v2\/tags?post=17881"}],"curies":[{"name":"wp","href":"https:\/\/api.w.org\/{rel}","templated":true}]}}