{"id":17871,"date":"2015-02-28T00:30:55","date_gmt":"2015-02-28T03:30:55","guid":{"rendered":"http:\/\/notinor.com\/jujuy\/?p=17871"},"modified":"2015-02-28T12:35:54","modified_gmt":"2015-02-28T15:35:54","slug":"el-primer-transplante-de-cabeza-podria-realizarse-en-dos-anos","status":"publish","type":"post","link":"https:\/\/notinor.com\/jujuy\/el-primer-transplante-de-cabeza-podria-realizarse-en-dos-anos\/","title":{"rendered":"El primer trasplante de cabeza podr\u00eda realizarse en dos a\u00f1os"},"content":{"rendered":"<p>La primera operaci\u00f3n de trasplante de cabeza podr\u00eda llevarse a cabo, seg\u00fan informa News Scientist, en 2017. Sergio Canavero, m\u00e9dico del Grupo Avanzado de Neuromodulaci\u00f3n de Tur\u00edn, Italia, ide\u00f3 un m\u00e9todo para hacer el trasplante en seres humanos.<br \/>\nCon \u00e9l, seg\u00fan asegur\u00f3 Canavaro, se podr\u00eda combatir varios tipos de c\u00e1ncer y de degeneraci\u00f3n nerviosa.<br \/>\nEl m\u00e9todo consiste en unir la parte de la espina dorsal en la cabeza separada con la parte del cuerpo usando una sustancia qu\u00edmica. Despu\u00e9s los cirujanos tendr\u00e1n que suturar los m\u00fasculos y conductos sangu\u00edneos.<br \/>\nSeg\u00fan se revela en New Scientist despu\u00e9s de la operaci\u00f3n el paciente tendr\u00e1 que estar en coma durante cuatro semanas para que electrodos se encarguen de estimular y crear nuevas conexiones nerviosas y, cuando la persona se despierte, si bien podr\u00e1 mover la cabeza, no podr\u00e1 caminar ni moverse por un a\u00f1o.<\/p>\n","protected":false},"excerpt":{"rendered":"<p>La primera operaci\u00f3n de trasplante de cabeza podr\u00eda llevarse a cabo, seg\u00fan informa News Scientist, en 2017. Sergio Canavero, m\u00e9dico del Grupo Avanzado de Neuromodulaci\u00f3n de Tur\u00edn, Italia, ide\u00f3 un m\u00e9todo para hacer el trasplante en seres humanos. Con \u00e9l, seg\u00fan asegur\u00f3 Canavaro, se podr\u00eda combatir varios tipos de c\u00e1ncer y de degeneraci\u00f3n nerviosa. El [&hellip;]<\/p>\n","protected":false},"author":1,"featured_media":17873,"comment_status":"open","ping_status":"open","sticky":false,"template":"","format":"standard","meta":{"_stopmodifiedupdate":false,"_modified_date":"","inline_featured_image":false,"spay_email":"","jetpack_publicize_message":""},"categories":[16],"tags":[],"jetpack_featured_media_url":"https:\/\/notinor.com\/jujuy\/wp-content\/uploads\/2015\/02\/cabeza.jpg","jetpack_publicize_connections":[],"_links":{"self":[{"href":"https:\/\/notinor.com\/jujuy\/wp-json\/wp\/v2\/posts\/17871"}],"collection":[{"href":"https:\/\/notinor.com\/jujuy\/wp-json\/wp\/v2\/posts"}],"about":[{"href":"https:\/\/notinor.com\/jujuy\/wp-json\/wp\/v2\/types\/post"}],"author":[{"embeddable":true,"href":"https:\/\/notinor.com\/jujuy\/wp-json\/wp\/v2\/users\/1"}],"replies":[{"embeddable":true,"href":"https:\/\/notinor.com\/jujuy\/wp-json\/wp\/v2\/comments?post=17871"}],"version-history":[{"count":3,"href":"https:\/\/notinor.com\/jujuy\/wp-json\/wp\/v2\/posts\/17871\/revisions"}],"predecessor-version":[{"id":17907,"href":"https:\/\/notinor.com\/jujuy\/wp-json\/wp\/v2\/posts\/17871\/revisions\/17907"}],"wp:featuredmedia":[{"embeddable":true,"href":"https:\/\/notinor.com\/jujuy\/wp-json\/wp\/v2\/media\/17873"}],"wp:attachment":[{"href":"https:\/\/notinor.com\/jujuy\/wp-json\/wp\/v2\/media?parent=17871"}],"wp:term":[{"taxonomy":"category","embeddable":true,"href":"https:\/\/notinor.com\/jujuy\/wp-json\/wp\/v2\/categories?post=17871"},{"taxonomy":"post_tag","embeddable":true,"href":"https:\/\/notinor.com\/jujuy\/wp-json\/wp\/v2\/tags?post=17871"}],"curies":[{"name":"wp","href":"https:\/\/api.w.org\/{rel}","templated":true}]}}