{"id":17868,"date":"2015-02-28T00:00:22","date_gmt":"2015-02-28T03:00:22","guid":{"rendered":"http:\/\/notinor.com\/jujuy\/?p=17868"},"modified":"2015-02-27T22:29:47","modified_gmt":"2015-02-28T01:29:47","slug":"gerardo-morales-pidio-duelo-nacional-por-strassera-y-arremetio-contra-boudou","status":"publish","type":"post","link":"https:\/\/notinor.com\/jujuy\/gerardo-morales-pidio-duelo-nacional-por-strassera-y-arremetio-contra-boudou\/","title":{"rendered":"Gerardo Morales pidi\u00f3 duelo nacional por Strassera y arremeti\u00f3 contra Boudou"},"content":{"rendered":"<p>A propuesta del jefe del bloque de senadores radicales, Gerardo Morales, la C\u00e1mara alta rindi\u00f3 homenaje a Julio Strassera, el fiscal del Juicio a las Juntas Militares condenadas por delitos de lesa humanidad en 1985, quien falleci\u00f3 esta ma\u00f1ana.<\/p>\n<p>Como parte de ese proyecto, impulsado tambi\u00e9n por el resto del arco opositor y al que adhiri\u00f3 en \u00faltima instancia el bloque oficialista, a instancias de su titular, Miguel Pichetto, se decidi\u00f3 solicitarle a la Presidenta que declare duelo nacional por el acontecimiento.<\/p>\n<p>Hasta el momento de la votaci\u00f3n un\u00e1nime que tuvo lugar en el Senado, que por la tarde sesi\u00f3n para renovar sus autoridades, bajo la presidencia de Amado Boudou, la Casa Rosada no se hab\u00eda pronunciado sobre la muerte de Strassera, pese a que el hecho tuvo fuerte repercusi\u00f3n internacional y figuras de distintos sectores expresaron su congoja.<\/p>\n<p>Minutos m\u00e1s tarde lo hizo a trav\u00e9s del ministro de Justicia y Derechos Humanos, Julio Alak, quien emiti\u00f3 un comunicado en el que sostiene que \"en nombre del Gobierno nacional, expresa su profundo dolor por el fallecimiento del ex fiscal de la Naci\u00f3n Julio C\u00e9sar Strassera y manifiesta sus condolencias a la familia\".<\/p>\n<p>Y completa: \"Strassera realiz\u00f3 un aporte trascendente en el proceso de consolidaci\u00f3n de la democracia y tuvo una valiente actitud al acusar a los principales responsables de la \u00faltima dictadura c\u00edvico militar. El juzgamiento de la Junta Militar, en el a\u00f1o 1985, fue el primer paso de una larga lucha por los valores de Memoria, Verdad y Justicia, que hoy ha convertido a la Argentina en un pa\u00eds l\u00edder en el mundo en materia de los derechos humanos\".<\/p>\n<p>La oposici\u00f3n, en lo que ya se convirti\u00f3 en un cl\u00e1sico parlamentario, volvi\u00f3 a embestir contra el vicepresidente Amado Boudou al reiterar una serie de planteos de cuestiones de privilegio en el sentido de suspenderlo en el cargo de titular del Senado hasta que se aclare su complicada situaci\u00f3n judicial.<\/p>\n<h2><strong>NUEVA ARREMETIDA CONTRA BOUDOU<\/strong><\/h2>\n<p>Al inicio de la sesi\u00f3n preparatoria, el primero en hablar fue el jefe del bloque de senadores radicales, Gerardo Morales, quien argument\u00f3 que el planteo se basa en la necesidad \"de organizar nuestro trabajo y la labor para el a\u00f1o 2015\" y pidi\u00f3 que el tema sea remitido \"a la comisi\u00f3n de Asuntos Constitucionales\" para su tratamiento.<\/p>\n<p>\"Nuestro pedido es un proyecto de resoluci\u00f3n para suspenderlo en sus funciones como presidente del Senado hasta que se declare la cosa juzgada por el delito de cohecho y funciones incompatibles\", se\u00f1al\u00f3 Morales, y remarc\u00f3 que en los \u00faltimos d\u00edas \"se produjo la ratificaci\u00f3n de la C\u00e1mara sobre el procesamiento dictado en estas circunstancias\" y que de esa manera se \"confirma la elevaci\u00f3n a juicio\".<\/p>\n<p>El socialista santafesino Rub\u00e9n Giustiniani, por el interbloque FAP-Unen, tambi\u00e9n plante\u00f3 una cuesti\u00f3n de privilegio en el mismo sentido al sostener que existe la \"necesidad de suspenderlo en el cargo de presidente del Senado hasta tanto la Justicia se expida sobre su culpabilidad o inocencia\".<\/p>\n<p>Apunt\u00f3 que motiva el pedido buscar \"el normal desenvolvimiento\" de la C\u00e1mara baja y rese\u00f1\u00f3 que la situaci\u00f3n del vicepresidente y el consabido reclamo opositor ya produce \"cansancio\" y hasta \"desagrado\".<\/p>\n<p>El oficialista santacruce\u00f1o Pablo Gonz\u00e1lez rechaz\u00f3 las iniciativas opositoras por ser la \u00fanica voz del Frente Para la Victoria en defender a Boudou.<\/p>\n<p>Afirm\u00f3 que el kirchnerismo est\u00e1 \"absolutamente en contra de judicializar la pol\u00edtica, de que la pol\u00edtica vaya atr\u00e1s de la Justicia y de las resoluciones que se est\u00e1n dando en un a\u00f1o electoral\" y consider\u00f3 que ese tipo de maniobra es \"inadmisible para los hombres de la pol\u00edtica\".<\/p>\n<p>En tanto, el radical catamarque\u00f1o Oscar Castillo replic\u00f3 a Gonz\u00e1lez y dijo que \"las adjetivaciones sobre fiscales y las adjetivaciones sobre jueces tambi\u00e9n es no dejar trabajar a la Justicia\", pero luego la sesi\u00f3n continu\u00f3 sin inconvenientes.<\/p>\n<p>El pr\u00f3ximo domingo Boudou no estar\u00e1 durante la Asamblea Legislativa que dar\u00e1 inicio al 133 per\u00edodo de sesiones ordinarias, ya que viajar\u00e1 a Uruguay para participar de la asunci\u00f3n de Tabar\u00e9 V\u00e1zquez.<\/p>\n","protected":false},"excerpt":{"rendered":"<p>A propuesta del jefe del bloque de senadores radicales, Gerardo Morales, la C\u00e1mara alta rindi\u00f3 homenaje a Julio Strassera, el fiscal del Juicio a las Juntas Militares condenadas por delitos de lesa humanidad en 1985, quien falleci\u00f3 esta ma\u00f1ana. Como parte de ese proyecto, impulsado tambi\u00e9n por el resto del arco opositor y al que [&hellip;]<\/p>\n","protected":false},"author":1,"featured_media":17869,"comment_status":"open","ping_status":"open","sticky":false,"template":"","format":"standard","meta":{"_stopmodifiedupdate":false,"_modified_date":"","inline_featured_image":false,"spay_email":"","jetpack_publicize_message":""},"categories":[485],"tags":[],"jetpack_featured_media_url":"https:\/\/notinor.com\/jujuy\/wp-content\/uploads\/2015\/02\/gerardo-contra-boudu.jpg","jetpack_publicize_connections":[],"_links":{"self":[{"href":"https:\/\/notinor.com\/jujuy\/wp-json\/wp\/v2\/posts\/17868"}],"collection":[{"href":"https:\/\/notinor.com\/jujuy\/wp-json\/wp\/v2\/posts"}],"about":[{"href":"https:\/\/notinor.com\/jujuy\/wp-json\/wp\/v2\/types\/post"}],"author":[{"embeddable":true,"href":"https:\/\/notinor.com\/jujuy\/wp-json\/wp\/v2\/users\/1"}],"replies":[{"embeddable":true,"href":"https:\/\/notinor.com\/jujuy\/wp-json\/wp\/v2\/comments?post=17868"}],"version-history":[{"count":1,"href":"https:\/\/notinor.com\/jujuy\/wp-json\/wp\/v2\/posts\/17868\/revisions"}],"predecessor-version":[{"id":17870,"href":"https:\/\/notinor.com\/jujuy\/wp-json\/wp\/v2\/posts\/17868\/revisions\/17870"}],"wp:featuredmedia":[{"embeddable":true,"href":"https:\/\/notinor.com\/jujuy\/wp-json\/wp\/v2\/media\/17869"}],"wp:attachment":[{"href":"https:\/\/notinor.com\/jujuy\/wp-json\/wp\/v2\/media?parent=17868"}],"wp:term":[{"taxonomy":"category","embeddable":true,"href":"https:\/\/notinor.com\/jujuy\/wp-json\/wp\/v2\/categories?post=17868"},{"taxonomy":"post_tag","embeddable":true,"href":"https:\/\/notinor.com\/jujuy\/wp-json\/wp\/v2\/tags?post=17868"}],"curies":[{"name":"wp","href":"https:\/\/api.w.org\/{rel}","templated":true}]}}