{"id":17865,"date":"2015-02-28T00:03:29","date_gmt":"2015-02-28T03:03:29","guid":{"rendered":"http:\/\/notinor.com\/jujuy\/?p=17865"},"modified":"2015-02-27T22:25:09","modified_gmt":"2015-02-28T01:25:09","slug":"el-frente-renovador-exigio-al-gobierno-suspender-el-impuesto-a-las-ganancias","status":"publish","type":"post","link":"https:\/\/notinor.com\/jujuy\/el-frente-renovador-exigio-al-gobierno-suspender-el-impuesto-a-las-ganancias\/","title":{"rendered":"El Frente Renovador exigi\u00f3 al Gobierno suspender el Impuesto a las Ganancias"},"content":{"rendered":"<p>Sergio Massa se reuni\u00f3 con intendentes y precandidatos a gobernador por el Frente Renovador para delinear ejes de trabajo. La consigna fue: \"Ni continuismo, ni vuelta a los '90, sino Argentina del siglo XXI\". Los presentes coincidieron en que \"se termin\u00f3 la Argentina de la fractura, viene la Argentina del abrazo\".<\/p>\n<p>Tras el encuentro realizado en Jun\u00edn, Massa sostuvo: \"Tuvimos una reuni\u00f3n de trabajo con objetivos claros. El primero tiene que ver con la asamblea del domingo, con exigir al gobierno nacional, al Ministerio de Econom\u00eda, a la AFIP y a la Presidenta de la Naci\u00f3n que suspenda el cobro del impuesto a las Ganancias, porque si no, lo que los trabajadores ganen en las paritarias, lo van a perder porque se lo va a robar la AFIP\".<\/p>\n<p>Y agreg\u00f3: \"Creemos que es muy importante terminar con esta man\u00eda de que les roben desde el Estado a los trabajadores, con esta aspiradora de impuestos que tenemos en marcha\".<\/p>\n<p>Siempre en la misma l\u00ednea, el l\u00edder del Frente Renovador continu\u00f3: \"El segundo objetivo es exigir la pr\u00f3rroga de la emergencia en seguridad. Vivimos en una provincia en la que el miedo, el terror, la droga y la muerte son moneda corriente producto de que atravesamos una situaci\u00f3n de inseguridad grav\u00edsima. Mientras se discuten pavadas, la gente vive cada vez con m\u00e1s miedo a perder todo en manos de los delincuentes y no nos podemos resignar a convivir con esto\".<\/p>\n<p>En referencia al tercer eje tratado durante el encuentro, el precandidato a presidente explic\u00f3: \"Hay que generar en todos los municipios del pa\u00eds un canal fluido de informaci\u00f3n tendiente a explicar nuestro proyecto de vivienda. Queremos que 1.100.000 familias argentinas accedan al cr\u00e9dito y al programa de vivienda. Si somos inteligentes, la Argentina puede tener resuelto gran parte del problema habitacional, esto depende de un seguro de tasa y de cr\u00e9dito para la vivienda\".<\/p>\n<p>Al respecto, anticip\u00f3: \"El lunes vamos a hacer la presentaci\u00f3n con el equipo econ\u00f3mico y lo que necesitamos es que todos adopten y entiendan que resolver el tema de la vivienda es cambiarle la situaci\u00f3n de vulnerabilidad a muchas familias argentinas\".<\/p>\n<p>Estuvieron presentes los precandidatos del Frente Renovador para gobernador de la provincia de Buenos Aires, Dar\u00edo Giustozzi, Felipe Sol\u00e1, Francisco de Narv\u00e1ez y M\u00f3nica L\u00f3pez.<\/p>\n<p>Al ser consultado sobre los precandidatos, Massa afirm\u00f3: \"Definimos un esquema de aqu\u00ed al 30 de abril de funcionamiento de mesa provincial, de coordinaci\u00f3n de las candidaturas, del cierre de f\u00f3rmulas, para que esta fuerza que lidera hoy en la provincia de Buenos Aires en todas las encuestas, no solamente sea una fuerza electoral, sino de herramienta para cambiarle la vida a los bonaerenses\".<\/p>\n<p>Los intendentes que participaron fueron: Mario Meoni, de Jun\u00edn, Luis Andreotti de San Fernando, Sandro Guzm\u00e1n de Escobar, Daniel Bolettieri de Almirante Brown, Daniel Bolinaga de Arrecifes, Martin Caso de Rojas, Joaqu\u00edn de la Torre de San Miguel, Germ\u00e1n Di C\u00e9sare de Gral. Alvarado, Jos\u00e9 Eseverri de Olavarria, Raul Feito de Trenque Lauquen, Gabriel Katopodis de San Martin, Horacio Pascual de Gral. Villegas, Marcela Passo de Gral. Lavalle, Carlos Puglieli de San Andr\u00e9s de Giles, Carlos Acu\u00f1a de Hurlingham, Carlos Selva de Mercedes, Julio Zamora de Tigre, Humberto Z\u00faccaro de Pilar, Fernando Carballo de Magdalena, Gustavo Bevilacqua de Bah\u00eda Blanca, el interino Juan Manuel Galo de Los Toldos.<\/p>\n<p>Adem\u00e1s, estuvieron presentes los legisladores Alberto Roberti, Ramiro Guti\u00e9rrez, Malena Baro, Valeria Arata y Mirta Cure.<\/p>\n","protected":false},"excerpt":{"rendered":"<p>Sergio Massa se reuni\u00f3 con intendentes y precandidatos a gobernador por el Frente Renovador para delinear ejes de trabajo. La consigna fue: \"Ni continuismo, ni vuelta a los '90, sino Argentina del siglo XXI\". Los presentes coincidieron en que \"se termin\u00f3 la Argentina de la fractura, viene la Argentina del abrazo\". Tras el encuentro realizado [&hellip;]<\/p>\n","protected":false},"author":1,"featured_media":17866,"comment_status":"open","ping_status":"open","sticky":false,"template":"","format":"standard","meta":{"_stopmodifiedupdate":false,"_modified_date":"","inline_featured_image":false,"spay_email":"","jetpack_publicize_message":""},"categories":[5],"tags":[],"jetpack_featured_media_url":"https:\/\/notinor.com\/jujuy\/wp-content\/uploads\/2015\/02\/frente-renovador-ganancias.jpg","jetpack_publicize_connections":[],"_links":{"self":[{"href":"https:\/\/notinor.com\/jujuy\/wp-json\/wp\/v2\/posts\/17865"}],"collection":[{"href":"https:\/\/notinor.com\/jujuy\/wp-json\/wp\/v2\/posts"}],"about":[{"href":"https:\/\/notinor.com\/jujuy\/wp-json\/wp\/v2\/types\/post"}],"author":[{"embeddable":true,"href":"https:\/\/notinor.com\/jujuy\/wp-json\/wp\/v2\/users\/1"}],"replies":[{"embeddable":true,"href":"https:\/\/notinor.com\/jujuy\/wp-json\/wp\/v2\/comments?post=17865"}],"version-history":[{"count":1,"href":"https:\/\/notinor.com\/jujuy\/wp-json\/wp\/v2\/posts\/17865\/revisions"}],"predecessor-version":[{"id":17867,"href":"https:\/\/notinor.com\/jujuy\/wp-json\/wp\/v2\/posts\/17865\/revisions\/17867"}],"wp:featuredmedia":[{"embeddable":true,"href":"https:\/\/notinor.com\/jujuy\/wp-json\/wp\/v2\/media\/17866"}],"wp:attachment":[{"href":"https:\/\/notinor.com\/jujuy\/wp-json\/wp\/v2\/media?parent=17865"}],"wp:term":[{"taxonomy":"category","embeddable":true,"href":"https:\/\/notinor.com\/jujuy\/wp-json\/wp\/v2\/categories?post=17865"},{"taxonomy":"post_tag","embeddable":true,"href":"https:\/\/notinor.com\/jujuy\/wp-json\/wp\/v2\/tags?post=17865"}],"curies":[{"name":"wp","href":"https:\/\/api.w.org\/{rel}","templated":true}]}}