{"id":17861,"date":"2015-02-28T00:01:34","date_gmt":"2015-02-28T03:01:34","guid":{"rendered":"http:\/\/notinor.com\/jujuy\/?p=17861"},"modified":"2015-02-27T22:20:35","modified_gmt":"2015-02-28T01:20:35","slug":"el-gobierno-dispuso-dos-dias-de-duelo-nacional-por-la-muerte-de-julio-cesar-strassera","status":"publish","type":"post","link":"https:\/\/notinor.com\/jujuy\/el-gobierno-dispuso-dos-dias-de-duelo-nacional-por-la-muerte-de-julio-cesar-strassera\/","title":{"rendered":"El Gobierno dispuso dos d\u00edas de duelo nacional por la muerte de Julio C\u00e9sar Strassera"},"content":{"rendered":"<p>El Gobierno dispuso \u00a0el duelo nacional por dos d\u00edas y expres\u00f3 \"su profundo dolor\" por la muerte de Julio C\u00e9sar Strassera, el fiscal del hist\u00f3rico juicio a las Juntas Militares.<\/p>\n<p>La presidenta Cristina Kirchner , que permaneci\u00f3 durante la jornada en la residencia de Olivos, firm\u00f3 el decreto 295 por el cual hoy y ma\u00f1ana ser\u00e1n d\u00edas de duelo nacional en homenaje a Strassera, fallecido esta ma\u00f1ana en una cl\u00ednica porte\u00f1a donde estaba internado por un cuadro de hiperglucemia que lo hab\u00eda llevado al coma.<\/p>\n<p>La primera reacci\u00f3n oficial por la desaparici\u00f3n f\u00edsica del acusador de los comandantes en jefe durante la \u00faltima dictadura fue del Ministerio de Justicia y Derechos Humanos que expres\u00f3 \"en nombre del gobierno nacional\" \"su profundo dolor\".<\/p>\n<p>A trav\u00e9s de un comunicado, esa cartera destac\u00f3 que Strassera \"realiz\u00f3 un aporte trascendente en el proceso de consolidaci\u00f3n de la democracia y tuvo una valiente actitud al acusar a los principales responsables de la \u00faltima dictadura c\u00edvico milita\".<\/p>\n<p>\"El juzgamiento a la Junta Militar, en el a\u00f1o 1985, fue el primer paso de una larga lucha por los valores de Memoria, Verdad y Justicia, que hoy ha convertido a la Argentina en un pa\u00eds l\u00edder en el mundo en materia de derechos humanos\", se\u00f1al\u00f3 el Ministerio que preside Julio Alak.<\/p>\n<p>Por su parte, la secretar\u00eda de Derechos Humanos, manifest\u00f3 \"su pesar\" por la desaparici\u00f3n f\u00edsica del ex fiscal y resalt\u00f3 que la frase que \u00e9ste pronunciara en el alegato final \"Se\u00f1ores Jueces, nunca m\u00e1s\", \"se instal\u00f3 como un s\u00edmbolo de la Memoria, la Verdad y la Justicia, y de la recuperaci\u00f3n de la democracia\".<\/p>\n<p>Para el titular de esa dependencia, Mart\u00edn Fresneda, la huella de Strassera \"va a quedar marcada en la historia democr\u00e1tica argentina a partir de su paso por la justicia en aquellos tiempos\".<\/p>\n<p>Agencias DYN y T\u00e9lam.<\/p>\n","protected":false},"excerpt":{"rendered":"<p>El Gobierno dispuso \u00a0el duelo nacional por dos d\u00edas y expres\u00f3 \"su profundo dolor\" por la muerte de Julio C\u00e9sar Strassera, el fiscal del hist\u00f3rico juicio a las Juntas Militares. La presidenta Cristina Kirchner , que permaneci\u00f3 durante la jornada en la residencia de Olivos, firm\u00f3 el decreto 295 por el cual hoy y ma\u00f1ana [&hellip;]<\/p>\n","protected":false},"author":1,"featured_media":17824,"comment_status":"open","ping_status":"open","sticky":false,"template":"","format":"standard","meta":{"_stopmodifiedupdate":false,"_modified_date":"","inline_featured_image":false,"spay_email":"","jetpack_publicize_message":""},"categories":[5],"tags":[],"jetpack_featured_media_url":"https:\/\/notinor.com\/jujuy\/wp-content\/uploads\/2015\/02\/strassera-nunca-mas.jpg","jetpack_publicize_connections":[],"_links":{"self":[{"href":"https:\/\/notinor.com\/jujuy\/wp-json\/wp\/v2\/posts\/17861"}],"collection":[{"href":"https:\/\/notinor.com\/jujuy\/wp-json\/wp\/v2\/posts"}],"about":[{"href":"https:\/\/notinor.com\/jujuy\/wp-json\/wp\/v2\/types\/post"}],"author":[{"embeddable":true,"href":"https:\/\/notinor.com\/jujuy\/wp-json\/wp\/v2\/users\/1"}],"replies":[{"embeddable":true,"href":"https:\/\/notinor.com\/jujuy\/wp-json\/wp\/v2\/comments?post=17861"}],"version-history":[{"count":1,"href":"https:\/\/notinor.com\/jujuy\/wp-json\/wp\/v2\/posts\/17861\/revisions"}],"predecessor-version":[{"id":17862,"href":"https:\/\/notinor.com\/jujuy\/wp-json\/wp\/v2\/posts\/17861\/revisions\/17862"}],"wp:featuredmedia":[{"embeddable":true,"href":"https:\/\/notinor.com\/jujuy\/wp-json\/wp\/v2\/media\/17824"}],"wp:attachment":[{"href":"https:\/\/notinor.com\/jujuy\/wp-json\/wp\/v2\/media?parent=17861"}],"wp:term":[{"taxonomy":"category","embeddable":true,"href":"https:\/\/notinor.com\/jujuy\/wp-json\/wp\/v2\/categories?post=17861"},{"taxonomy":"post_tag","embeddable":true,"href":"https:\/\/notinor.com\/jujuy\/wp-json\/wp\/v2\/tags?post=17861"}],"curies":[{"name":"wp","href":"https:\/\/api.w.org\/{rel}","templated":true}]}}