{"id":17858,"date":"2015-02-28T00:00:14","date_gmt":"2015-02-28T03:00:14","guid":{"rendered":"http:\/\/notinor.com\/jujuy\/?p=17858"},"modified":"2015-02-27T22:19:13","modified_gmt":"2015-02-28T01:19:13","slug":"desesperante-avance-del-fuego-en-chubut-el-incendio-se-acerca-a-una-poblacion","status":"publish","type":"post","link":"https:\/\/notinor.com\/jujuy\/desesperante-avance-del-fuego-en-chubut-el-incendio-se-acerca-a-una-poblacion\/","title":{"rendered":"Desesperante avance del fuego en Chubut: el incendio se acerca a una poblaci\u00f3n"},"content":{"rendered":"<p>ESQUEL.- El incendio que ya arras\u00f3 con 20 mil hect\u00e1reas de bosques nativos en el noroeste de Chubut contin\u00faa su avance implacable: el intendente de Epuy\u00e9n, Antonio Reato, asegur\u00f3 hoy que \"el incendio ya est\u00e1 ingresando a nuestra localidad. Estamos trabajando con nuestras m\u00e1quinas y gente de la Brigada de Epuy\u00e9n\". Relat\u00f3 que \"hay animales muertos por todos lados, es imposible que no pase esto con la magnitud del incendio. Las p\u00e9rdidas son cuantiosas y hay vecinos que han perdido casi todo. Es muy triste. Lo primero que miro cada vez que me levanto es el pron\u00f3stico y dicen que el s\u00e1bado de la pr\u00f3xima semana reci\u00e9n llover\u00e1, ojal\u00e1 que sea antes\". Por su parte, el ministro de Ambiente, Jos\u00e9 Mar\u00eda Musmeci, lament\u00f3 que \"la provincia est\u00e1 sufriendo un da\u00f1o ambiental muy importante\".<\/p>\n<p>Reato dijo que \"es un a\u00f1o muy dif\u00edcil, la situaci\u00f3n es angustiante; es complicado c\u00f3mo est\u00e1 todo y dif\u00edcil de solucionar\". Se\u00f1al\u00f3 que \"hay una sequ\u00eda importante, demasiado combustible y mucho calor. Esperemos que todos los esfuerzos del gobierno provincial y nacional den sus frutos. La \u00fanica forma de que esto se termine es con la lluvia\", sostuvo y agreg\u00f3 que \"hasta ahora, el fuego se mantiene alejado de las casas de familias\".<\/p>\n<p>\"Cuando pasa esto te da una angustia terrible, posiblemente se podr\u00eda haber solucionado antes. Entiendo al poblador y la impotencia lleva a decir cosas, hay que tomar con mucho cuidado todo porque hay profesionales trabajando. Se est\u00e1 haciendo todo lo posible\"<\/p>\n<p>El ministro de Ambiente de Chubut, Jos\u00e9 Mar\u00eda Musmeci, destac\u00f3 este viernes en rueda de prensa \"el trabajo coordinado, prolijo e intenso de parte de los Brigadistas y la colaboraci\u00f3n provincial y nacional que hay\". \"Tengo experiencia de otros a\u00f1os y esta juntada de voluntades vino a traer un poco de remanso\", indic\u00f3.<\/p>\n<p>Musmeci asegur\u00f3 que \"estamos perdiendo un patrimonio impresionante. El fuego no tiene miramientos con lo que ataca y habr\u00e1 que avaluar que pas\u00f3, pero eso despu\u00e9s del incendio. La provincia est\u00e1 sufriendo un da\u00f1o ambiental muy importante. La mayor parte afectada es la de bosque nativo. En cuanto a especies no sabemos espec\u00edficamente qu\u00e9 animales murieron, pero es una zona de huemules y especies end\u00e9micas. Pero hay que ver, por ah\u00ed tenemos la suerte y algunos zafaron. Hay que hacer un relevamiento con los guardaparques, pero no es el momento ahora y las condiciones tampoco se dieron para hacer alg\u00fan tipo de rescate\", dijo.<\/p>\n<p>A\u00f1adi\u00f3 que \"lamentablemente el fuego es parte del sistema, as\u00ed como destruye deja terreno f\u00e9rtil para la regeneraci\u00f3n. En estos tiempos la regeneraci\u00f3n es muy lenta, como 100 a\u00f1os. Hay un trabajo muy intenso pero a veces las cosas se salen de cause por la magnitud\".<\/p>\n","protected":false},"excerpt":{"rendered":"<p>ESQUEL.- El incendio que ya arras\u00f3 con 20 mil hect\u00e1reas de bosques nativos en el noroeste de Chubut contin\u00faa su avance implacable: el intendente de Epuy\u00e9n, Antonio Reato, asegur\u00f3 hoy que \"el incendio ya est\u00e1 ingresando a nuestra localidad. Estamos trabajando con nuestras m\u00e1quinas y gente de la Brigada de Epuy\u00e9n\". Relat\u00f3 que \"hay animales [&hellip;]<\/p>\n","protected":false},"author":1,"featured_media":17859,"comment_status":"open","ping_status":"open","sticky":false,"template":"","format":"standard","meta":{"_stopmodifiedupdate":false,"_modified_date":"","inline_featured_image":false,"spay_email":"","jetpack_publicize_message":""},"categories":[5],"tags":[],"jetpack_featured_media_url":"https:\/\/notinor.com\/jujuy\/wp-content\/uploads\/2015\/02\/incendio-chubut-2.jpg","jetpack_publicize_connections":[],"_links":{"self":[{"href":"https:\/\/notinor.com\/jujuy\/wp-json\/wp\/v2\/posts\/17858"}],"collection":[{"href":"https:\/\/notinor.com\/jujuy\/wp-json\/wp\/v2\/posts"}],"about":[{"href":"https:\/\/notinor.com\/jujuy\/wp-json\/wp\/v2\/types\/post"}],"author":[{"embeddable":true,"href":"https:\/\/notinor.com\/jujuy\/wp-json\/wp\/v2\/users\/1"}],"replies":[{"embeddable":true,"href":"https:\/\/notinor.com\/jujuy\/wp-json\/wp\/v2\/comments?post=17858"}],"version-history":[{"count":1,"href":"https:\/\/notinor.com\/jujuy\/wp-json\/wp\/v2\/posts\/17858\/revisions"}],"predecessor-version":[{"id":17860,"href":"https:\/\/notinor.com\/jujuy\/wp-json\/wp\/v2\/posts\/17858\/revisions\/17860"}],"wp:featuredmedia":[{"embeddable":true,"href":"https:\/\/notinor.com\/jujuy\/wp-json\/wp\/v2\/media\/17859"}],"wp:attachment":[{"href":"https:\/\/notinor.com\/jujuy\/wp-json\/wp\/v2\/media?parent=17858"}],"wp:term":[{"taxonomy":"category","embeddable":true,"href":"https:\/\/notinor.com\/jujuy\/wp-json\/wp\/v2\/categories?post=17858"},{"taxonomy":"post_tag","embeddable":true,"href":"https:\/\/notinor.com\/jujuy\/wp-json\/wp\/v2\/tags?post=17858"}],"curies":[{"name":"wp","href":"https:\/\/api.w.org\/{rel}","templated":true}]}}