{"id":17855,"date":"2015-02-28T00:04:29","date_gmt":"2015-02-28T03:04:29","guid":{"rendered":"http:\/\/notinor.com\/jujuy\/?p=17855"},"modified":"2015-02-27T22:17:47","modified_gmt":"2015-02-28T01:17:47","slug":"los-uruguayos-se-congregaron-para-despedir-a-pepe-mujica","status":"publish","type":"post","link":"https:\/\/notinor.com\/jujuy\/los-uruguayos-se-congregaron-para-despedir-a-pepe-mujica\/","title":{"rendered":"Los uruguayos se congregaron para despedir a Pepe Mujica"},"content":{"rendered":"<p>El \"abrazo simb\u00f3lico\", que est\u00e1 organizado por la Casa Militar, se celebr\u00f3 dos d\u00edas antes que Jos\u00e9 Mujica ceda el cargo al presidente electo Tabar\u00e9 V\u00e1zquez.<\/p>\n<p>En un protocolario acontecimiento, de corte militar, al que acuden multitud de representantes institucionales, se arri\u00f3 la bandera uruguaya que onde\u00f3 en la sede de la Presidencia bajo el mandato que va a finalizar y se le entreg\u00f3 simb\u00f3licamente al gobernante saliente.<\/p>\n<p>Cientos de personas se reunieron en la Plaza Independencia para acompa\u00f1ar a Mujica. Braulio L\u00f3pez, ex integrante de Los Olimare\u00f1os, cant\u00f3 \"A Don Jos\u00e9\" junto a la Orquesta Juvenil del Sodre.<\/p>\n<p>Sobre las 16:30, hora local, el ex tupamaro asisti\u00f3 a la presentaci\u00f3n de su retrato en el Museo de la Casa de Gobierno, en el Palacio Est\u00e9vez. Seg\u00fan El Observador, al develar el cuadro, el presidente se limit\u00f3 a decir: \"Muy bien\".<\/p>\n<p>En la misma sala se pueden ver fotos de los presidentes que asumieron tras la \u00faltima dictadura militar: Julio Mar\u00eda Sanguinetti, Luis Alberto Lacalle, Jorge Batlle y Tabar\u00e9 V\u00e1zquez. \"Mir\u00e1 qu\u00e9 barra que te acompa\u00f1a\", le dijo el prosecretario de Presidencia, Diego C\u00e1nepa. Mujica observ\u00f3 los cuadros pero no respondi\u00f3.<\/p>\n<p>M\u00e1s all\u00e1 de ser el homenajeado, Mujica hab\u00eda dicho que iba a ser un acto para agradecer \"al pueblo\" por estos cinco a\u00f1os de gobierno. Algunos fan\u00e1ticos del mandatario crearon un auto Fusca como el que tiene el presidente para saludarlo y portaron remeras con su rostro.<\/p>\n<p>\"Es una ceremonia institucional a la que asistiremos con hondo sentido republicano y como debe ser: con proverbial sencillez, porque es la mejor manera de homenajear a la naci\u00f3n\", explic\u00f3 el mandatario en una de sus recientes audiciones radiof\u00f3nicas.<\/p>\n<p>A mediados de enero, varios ciudadanos, ajenos al \u00e1mbito pol\u00edtico, hicieron un llamamiento en las redes sociales para que este acto se convirtiera en una multitudinaria despedida a modo de homenaje a su figura y gesti\u00f3n. Sin embargo, d\u00edas despu\u00e9s, con la idea de \"mirar hacia adelante, no para atr\u00e1s\", el presidente pidi\u00f3 que no se hiciera tal reconocimiento.<\/p>\n","protected":false},"excerpt":{"rendered":"<p>El \"abrazo simb\u00f3lico\", que est\u00e1 organizado por la Casa Militar, se celebr\u00f3 dos d\u00edas antes que Jos\u00e9 Mujica ceda el cargo al presidente electo Tabar\u00e9 V\u00e1zquez. En un protocolario acontecimiento, de corte militar, al que acuden multitud de representantes institucionales, se arri\u00f3 la bandera uruguaya que onde\u00f3 en la sede de la Presidencia bajo el [&hellip;]<\/p>\n","protected":false},"author":1,"featured_media":17856,"comment_status":"open","ping_status":"open","sticky":false,"template":"","format":"standard","meta":{"_stopmodifiedupdate":false,"_modified_date":"","inline_featured_image":false,"spay_email":"","jetpack_publicize_message":""},"categories":[6],"tags":[],"jetpack_featured_media_url":"https:\/\/notinor.com\/jujuy\/wp-content\/uploads\/2015\/02\/despedida-pepe-2.jpg","jetpack_publicize_connections":[],"_links":{"self":[{"href":"https:\/\/notinor.com\/jujuy\/wp-json\/wp\/v2\/posts\/17855"}],"collection":[{"href":"https:\/\/notinor.com\/jujuy\/wp-json\/wp\/v2\/posts"}],"about":[{"href":"https:\/\/notinor.com\/jujuy\/wp-json\/wp\/v2\/types\/post"}],"author":[{"embeddable":true,"href":"https:\/\/notinor.com\/jujuy\/wp-json\/wp\/v2\/users\/1"}],"replies":[{"embeddable":true,"href":"https:\/\/notinor.com\/jujuy\/wp-json\/wp\/v2\/comments?post=17855"}],"version-history":[{"count":1,"href":"https:\/\/notinor.com\/jujuy\/wp-json\/wp\/v2\/posts\/17855\/revisions"}],"predecessor-version":[{"id":17857,"href":"https:\/\/notinor.com\/jujuy\/wp-json\/wp\/v2\/posts\/17855\/revisions\/17857"}],"wp:featuredmedia":[{"embeddable":true,"href":"https:\/\/notinor.com\/jujuy\/wp-json\/wp\/v2\/media\/17856"}],"wp:attachment":[{"href":"https:\/\/notinor.com\/jujuy\/wp-json\/wp\/v2\/media?parent=17855"}],"wp:term":[{"taxonomy":"category","embeddable":true,"href":"https:\/\/notinor.com\/jujuy\/wp-json\/wp\/v2\/categories?post=17855"},{"taxonomy":"post_tag","embeddable":true,"href":"https:\/\/notinor.com\/jujuy\/wp-json\/wp\/v2\/tags?post=17855"}],"curies":[{"name":"wp","href":"https:\/\/api.w.org\/{rel}","templated":true}]}}