{"id":17849,"date":"2015-02-28T00:01:53","date_gmt":"2015-02-28T03:01:53","guid":{"rendered":"http:\/\/notinor.com\/jujuy\/?p=17849"},"modified":"2015-02-27T22:10:53","modified_gmt":"2015-02-28T01:10:53","slug":"en-el-partido-de-le-pen-afirman-que-el-islam-es-una-peste-bubonica","status":"publish","type":"post","link":"https:\/\/notinor.com\/jujuy\/en-el-partido-de-le-pen-afirman-que-el-islam-es-una-peste-bubonica\/","title":{"rendered":"En el partido de Le Pen afirman que \"el islam es una peste bub\u00f3nica\""},"content":{"rendered":"<p>A pesar de sus declaraciones p\u00fablicas, Marine Le Pen ha reunido en sus listas del Frente Nacional de cara a las pr\u00f3ximas elecciones francesas a personajes abiertamente islam\u00f3fobos y hom\u00f3fobos, inform\u00f3 hoy El Pa\u00eds de Espa\u00f1a.<\/p>\n<p>\"Combatir el islam es un deber\", \"el islam es una peste bub\u00f3nica\" o \"los homosexuales constituyen una minor\u00eda ped\u00f3fila\" son algunos de los mensajes que pueden leerse en las p\u00e1ginas de los candidatos del derechista Frente Nacional.<\/p>\n<p>Lo m\u00e1s preocupante de las declaraciones, sin embargo, es que las encuestas coinciden en que se trata de la formaci\u00f3n que actualmente concentra las mayores intenciones de voto de la ciudadan\u00eda francesa, para las elecciones que se celebrar\u00e1n el 22 y 29 de marzo pr\u00f3ximos.<\/p>\n<p>La simpat\u00eda que existe por sus ideas ya se demostr\u00f3 a la hora de la presentaci\u00f3n de las listas y la candidaturas: el Frente Nacional presentar\u00e1 7.654 candidatos que competir\u00e1n en el 93% de los 2.054 cantones franceses.<\/p>\n<p>El diario franc\u00e9s Lib\u00e9ration han rastreado los perfiles de muchos de esos candidatos y ha descubierto lo que el partido niega p\u00fablica y oficialmente, es decir, que en sus filas laten la xenofobia, el racismo y la intolerancia.<\/p>\n<p>G\u00e9rad Brazon, candidato en los Altos del Sena, sugiri\u00f3 en un tuit de octubre de 2013 una \"ablaci\u00f3n\" del islam. \"Operaci\u00f3n Pedalo e Islamectom\u00eda: c\u00f3mo liberar a Francia de Hollande y del islam\". Y en otro de agosto de ese a\u00f1o dec\u00eda: \"La islamofobia es un derecho. Combatir el islam, un deber\".<\/p>\n<p>Fran\u00e7ois Helie, candidato en Dourdan, difundi\u00f3 en Facebook una imagen con un paquete de bolsas de basura bajo el t\u00edtulo: \"El niqab desechable\". O el dibujo de un soldado franc\u00e9s en Mali que dice a un ni\u00f1o: \"No te preocupes; vamos a hacer que te adopte una pareja gay en Francia\".<\/p>\n<p>Chantal Clamer, candidata en Pamiers, escribi\u00f3 en enero en su cuenta en Twitter: \"El islam y los mahometanos son la nueva peste bub\u00f3nica del siglo XX a combatir, a eliminar, sin contemplaciones por todos los medios posibles\".<\/p>\n<p>Entre las declaraciones descubiertas por los periodistas, se destaca la de Jacques Coutela, que se presenta en Tonnerrois, pese a que ya hab\u00eda sido apartado del FN tras declarar su admiraci\u00f3n por el terrorista ultraderechista noruego Anders Breivik, que en 2011 asesin\u00f3 a 77 personas. En su blog, Coutela calific\u00f3 a Breivik como \"un icono, el mayor defensor de Occidente\". En otro art\u00edculo, hizo esta precisi\u00f3n: \"No es un icono, sino solo un visionario frente al auge de la islamizaci\u00f3n de Europa\".<\/p>\n<p>Ante la denuncia, el Frente Nacional se ha defendido explicando que ante la necesidad de presentar tantos candidatos, el partido no hab\u00eda sido capaz de hacer una selecci\u00f3n exhaustiva.<\/p>\n<p>De acuerdo con el diario El Pa\u00eds, los sondeos indican que los ultraderechistas lograr\u00e1n en la primera vuelta alrededor del 30% de los votos. En la segunda, en cambio, ser\u00edan derrotados por los aspirantes de la Uni\u00f3n por un Movimiento Popular (UMP) y de la izquierda. La UMP, seg\u00fan las encuestas, ser\u00e1 el gran ganador porque pasar\u00eda a controlar la mayor\u00eda de los departamentos. Hoy, es la izquierda la que domina 61 de los 102 departamentos. El FN, en todo caso, acabar\u00eda ganando en tres o cuatro departamentos, lo que supondr\u00eda un gran avance para la ultraderecha, que hoy no gobierna en ninguno.<\/p>\n<p>Una buena parte de la poblaci\u00f3n francesa se declara islam\u00f3foba, seg\u00fan el \u00faltimo sondeo de CEVIPOF-Sciences Po.<\/p>\n","protected":false},"excerpt":{"rendered":"<p>A pesar de sus declaraciones p\u00fablicas, Marine Le Pen ha reunido en sus listas del Frente Nacional de cara a las pr\u00f3ximas elecciones francesas a personajes abiertamente islam\u00f3fobos y hom\u00f3fobos, inform\u00f3 hoy El Pa\u00eds de Espa\u00f1a. \"Combatir el islam es un deber\", \"el islam es una peste bub\u00f3nica\" o \"los homosexuales constituyen una minor\u00eda ped\u00f3fila\" [&hellip;]<\/p>\n","protected":false},"author":1,"featured_media":17850,"comment_status":"open","ping_status":"open","sticky":false,"template":"","format":"standard","meta":{"_stopmodifiedupdate":false,"_modified_date":"","inline_featured_image":false,"spay_email":"","jetpack_publicize_message":""},"categories":[6],"tags":[],"jetpack_featured_media_url":"https:\/\/notinor.com\/jujuy\/wp-content\/uploads\/2015\/02\/marine-le-pen-2.jpg","jetpack_publicize_connections":[],"_links":{"self":[{"href":"https:\/\/notinor.com\/jujuy\/wp-json\/wp\/v2\/posts\/17849"}],"collection":[{"href":"https:\/\/notinor.com\/jujuy\/wp-json\/wp\/v2\/posts"}],"about":[{"href":"https:\/\/notinor.com\/jujuy\/wp-json\/wp\/v2\/types\/post"}],"author":[{"embeddable":true,"href":"https:\/\/notinor.com\/jujuy\/wp-json\/wp\/v2\/users\/1"}],"replies":[{"embeddable":true,"href":"https:\/\/notinor.com\/jujuy\/wp-json\/wp\/v2\/comments?post=17849"}],"version-history":[{"count":1,"href":"https:\/\/notinor.com\/jujuy\/wp-json\/wp\/v2\/posts\/17849\/revisions"}],"predecessor-version":[{"id":17851,"href":"https:\/\/notinor.com\/jujuy\/wp-json\/wp\/v2\/posts\/17849\/revisions\/17851"}],"wp:featuredmedia":[{"embeddable":true,"href":"https:\/\/notinor.com\/jujuy\/wp-json\/wp\/v2\/media\/17850"}],"wp:attachment":[{"href":"https:\/\/notinor.com\/jujuy\/wp-json\/wp\/v2\/media?parent=17849"}],"wp:term":[{"taxonomy":"category","embeddable":true,"href":"https:\/\/notinor.com\/jujuy\/wp-json\/wp\/v2\/categories?post=17849"},{"taxonomy":"post_tag","embeddable":true,"href":"https:\/\/notinor.com\/jujuy\/wp-json\/wp\/v2\/tags?post=17849"}],"curies":[{"name":"wp","href":"https:\/\/api.w.org\/{rel}","templated":true}]}}