{"id":17839,"date":"2015-02-28T00:00:46","date_gmt":"2015-02-28T03:00:46","guid":{"rendered":"http:\/\/notinor.com\/jujuy\/?p=17839"},"modified":"2015-02-27T22:04:51","modified_gmt":"2015-02-28T01:04:51","slug":"alto-comedero-secuestro-motos-y-arresto-a-varios-sujetos","status":"publish","type":"post","link":"https:\/\/notinor.com\/jujuy\/alto-comedero-secuestro-motos-y-arresto-a-varios-sujetos\/","title":{"rendered":"ALTO COMEDERO SECUESTRO MOTOS Y ARRESTO A VARIOS SUJETOS"},"content":{"rendered":"<p>Los procedimientos comenzaron el lunes, disponi\u00e9ndose operativos de control vehicular en distintas zonas de Alto Comedero, como por ejemplo ruta 9 a la altura del parque El Solar; ruta 66, altura ingreso del barrio 18 Hect\u00e1reas y calles del barrio Bajo \u00c9xodo, Op\u00f2rtunidad en la que se procedi\u00f3 al procedi\u00f3 al secuestro de ocho motos de diferentes marcas y cilindradas, las cuales quedaron secuestradas preventivamente.<\/p>\n<p>En cuanto al arresto de las personas, todas son hombres, entre menores y mayores, algunos de ellos ocasionaban disturbios en la v\u00eda p\u00fablica, otros eran \"buscados\" por la justicia y el resto por actitud sospechosa en la v\u00eda p\u00fablica.<\/p>\n<p>Cabe destacar que en el caso de los menores luego de las diligencias de rigor fueron puestos a disposici\u00f3n de sus progenitores.<\/p>\n<p>Seg\u00fan se supo que estos operativos tendr\u00e1n continuidad pero con mayor \u00e9nfasis los fines de semana en lugares m\u00e1s conflictivas.<\/p>\n","protected":false},"excerpt":{"rendered":"<p>Los procedimientos comenzaron el lunes, disponi\u00e9ndose operativos de control vehicular en distintas zonas de Alto Comedero, como por ejemplo ruta 9 a la altura del parque El Solar; ruta 66, altura ingreso del barrio 18 Hect\u00e1reas y calles del barrio Bajo \u00c9xodo, Op\u00f2rtunidad en la que se procedi\u00f3 al procedi\u00f3 al secuestro de ocho motos [&hellip;]<\/p>\n","protected":false},"author":1,"featured_media":4320,"comment_status":"open","ping_status":"open","sticky":false,"template":"","format":"standard","meta":{"_stopmodifiedupdate":false,"_modified_date":"","inline_featured_image":false,"spay_email":"","jetpack_publicize_message":""},"categories":[3],"tags":[],"jetpack_featured_media_url":"https:\/\/notinor.com\/jujuy\/wp-content\/uploads\/2014\/11\/motos-secuestradas1.jpg","jetpack_publicize_connections":[],"_links":{"self":[{"href":"https:\/\/notinor.com\/jujuy\/wp-json\/wp\/v2\/posts\/17839"}],"collection":[{"href":"https:\/\/notinor.com\/jujuy\/wp-json\/wp\/v2\/posts"}],"about":[{"href":"https:\/\/notinor.com\/jujuy\/wp-json\/wp\/v2\/types\/post"}],"author":[{"embeddable":true,"href":"https:\/\/notinor.com\/jujuy\/wp-json\/wp\/v2\/users\/1"}],"replies":[{"embeddable":true,"href":"https:\/\/notinor.com\/jujuy\/wp-json\/wp\/v2\/comments?post=17839"}],"version-history":[{"count":1,"href":"https:\/\/notinor.com\/jujuy\/wp-json\/wp\/v2\/posts\/17839\/revisions"}],"predecessor-version":[{"id":17840,"href":"https:\/\/notinor.com\/jujuy\/wp-json\/wp\/v2\/posts\/17839\/revisions\/17840"}],"wp:featuredmedia":[{"embeddable":true,"href":"https:\/\/notinor.com\/jujuy\/wp-json\/wp\/v2\/media\/4320"}],"wp:attachment":[{"href":"https:\/\/notinor.com\/jujuy\/wp-json\/wp\/v2\/media?parent=17839"}],"wp:term":[{"taxonomy":"category","embeddable":true,"href":"https:\/\/notinor.com\/jujuy\/wp-json\/wp\/v2\/categories?post=17839"},{"taxonomy":"post_tag","embeddable":true,"href":"https:\/\/notinor.com\/jujuy\/wp-json\/wp\/v2\/tags?post=17839"}],"curies":[{"name":"wp","href":"https:\/\/api.w.org\/{rel}","templated":true}]}}