{"id":17768,"date":"2015-02-26T23:47:09","date_gmt":"2015-02-27T02:47:09","guid":{"rendered":"http:\/\/notinor.com\/jujuy\/?p=17768"},"modified":"2015-02-27T12:12:18","modified_gmt":"2015-02-27T15:12:18","slug":"ley-de-paritarias-sin-consenso-de-espalda-los-trabajadores","status":"publish","type":"post","link":"https:\/\/notinor.com\/jujuy\/ley-de-paritarias-sin-consenso-de-espalda-los-trabajadores\/","title":{"rendered":"Ley de Paritarias: \"Sin consenso y de espalda los trabajadores\""},"content":{"rendered":"<p class=\"ecxMsoNormal\" style=\"text-align: left;\" align=\"center\">El diputado Fabi\u00e1n Tejerina cuestion\u00f3 al oficialismo por forzar la aprobaci\u00f3n de una ley de negociaciones colectivas \u201csin una base m\u00ednima de consenso y de espaldas a los trabajadores\u201d.<\/p>\n<p class=\"ecxMsoNormal\">\u201cLa postura del Gobierno fue darle a su iniciativa un tr\u00e1mite legislativo expr\u00e9s\u201d se\u00f1al\u00f3 Tejerina quien adem\u00e1s cuestion\u00f3 la \u201cinterpretaci\u00f3n parcial\u201d del Reglamento interno de la Legislatura, por parte del oficialismo, sobre el tratamiento de los proyectos de ley en periodo de sesiones extraordinarias y la aprobaci\u00f3n de la norma por mayor\u00eda simple de los diputados.<\/p>\n<p class=\"ecxMsoNormal\"><a href=\"http:\/\/notinor.com\/jujuy\/wp-content\/uploads\/2015\/02\/descarga1.jpg\"><img decoding=\"async\" loading=\"lazy\" class=\"alignnone size-full wp-image-17769\" src=\"http:\/\/notinor.com\/jujuy\/wp-content\/uploads\/2015\/02\/descarga1.jpg\" alt=\"descarga\" width=\"276\" height=\"183\" \/><\/a><\/p>\n<p class=\"ecxMsoNormal\">El legislador indic\u00f3 que en todo momento desde el \u00a0radicalismo se acompa\u00f1\u00f3 el pedido de los sectores sindicales a una apertura del debate de la norma, as\u00ed como una extensi\u00f3n del tiempo de estudio para la incorporaci\u00f3n de alternativas a puntos cuestionados del proyecto oficial, \u201csin embargo se avanz\u00f3 y sancion\u00f3 una norma que lo \u00fanico que deja reflejado es el deterioro en la relaci\u00f3n de este gobierno con los trabajadores y sus representantes\u201d reflexion\u00f3 mas adelante.<\/p>\n<p class=\"ecxMsoNormal\">\u201cLas reglas de juego en el \u00e1mbito de una negociaci\u00f3n paritaria se deben sustentar en la vocaci\u00f3n de dialogo, la confianza, la buena fe, la solidaridad entre las partes\u201d analiz\u00f3 el legislador.<\/p>\n<p class=\"ecxMsoNormal\">Finalmente explic\u00f3 la decisi\u00f3n del radicalismo de no participar de la sesi\u00f3n extraordinaria \u201cpor no encontrar en el oficialismo una actitud de di\u00e1logo y consenso con el sector laboral, pero tampoco con los dem\u00e1s bloques parlamentarios, de hecho- aclar\u00f3- no obtuvo ni el acompa\u00f1amiento de sus socios pol\u00edticos del Frente Unidos y Organizados\u201d finaliz\u00f3.-<\/p>\n","protected":false},"excerpt":{"rendered":"<p>El diputado Fabi\u00e1n Tejerina cuestion\u00f3 al oficialismo por forzar la aprobaci\u00f3n de una ley de negociaciones colectivas \u201csin una base m\u00ednima de consenso y de espaldas a los trabajadores\u201d. \u201cLa postura del Gobierno fue darle a su iniciativa un tr\u00e1mite legislativo expr\u00e9s\u201d se\u00f1al\u00f3 Tejerina quien adem\u00e1s cuestion\u00f3 la \u201cinterpretaci\u00f3n parcial\u201d del Reglamento interno de la [&hellip;]<\/p>\n","protected":false},"author":1,"featured_media":17771,"comment_status":"open","ping_status":"open","sticky":false,"template":"","format":"standard","meta":{"_stopmodifiedupdate":false,"_modified_date":"","inline_featured_image":false,"spay_email":"","jetpack_publicize_message":""},"categories":[485],"tags":[],"jetpack_featured_media_url":"https:\/\/notinor.com\/jujuy\/wp-content\/uploads\/2015\/02\/descarga2.jpg","jetpack_publicize_connections":[],"_links":{"self":[{"href":"https:\/\/notinor.com\/jujuy\/wp-json\/wp\/v2\/posts\/17768"}],"collection":[{"href":"https:\/\/notinor.com\/jujuy\/wp-json\/wp\/v2\/posts"}],"about":[{"href":"https:\/\/notinor.com\/jujuy\/wp-json\/wp\/v2\/types\/post"}],"author":[{"embeddable":true,"href":"https:\/\/notinor.com\/jujuy\/wp-json\/wp\/v2\/users\/1"}],"replies":[{"embeddable":true,"href":"https:\/\/notinor.com\/jujuy\/wp-json\/wp\/v2\/comments?post=17768"}],"version-history":[{"count":3,"href":"https:\/\/notinor.com\/jujuy\/wp-json\/wp\/v2\/posts\/17768\/revisions"}],"predecessor-version":[{"id":17822,"href":"https:\/\/notinor.com\/jujuy\/wp-json\/wp\/v2\/posts\/17768\/revisions\/17822"}],"wp:featuredmedia":[{"embeddable":true,"href":"https:\/\/notinor.com\/jujuy\/wp-json\/wp\/v2\/media\/17771"}],"wp:attachment":[{"href":"https:\/\/notinor.com\/jujuy\/wp-json\/wp\/v2\/media?parent=17768"}],"wp:term":[{"taxonomy":"category","embeddable":true,"href":"https:\/\/notinor.com\/jujuy\/wp-json\/wp\/v2\/categories?post=17768"},{"taxonomy":"post_tag","embeddable":true,"href":"https:\/\/notinor.com\/jujuy\/wp-json\/wp\/v2\/tags?post=17768"}],"curies":[{"name":"wp","href":"https:\/\/api.w.org\/{rel}","templated":true}]}}