{"id":17688,"date":"2015-02-26T12:40:11","date_gmt":"2015-02-26T15:40:11","guid":{"rendered":"http:\/\/notinor.com\/jujuy\/?p=17688"},"modified":"2015-02-26T12:40:11","modified_gmt":"2015-02-26T15:40:11","slug":"el-atletico-de-simeone-perdio-ante-el-leverkusen-por-la-ida-de-los-octavos","status":"publish","type":"post","link":"https:\/\/notinor.com\/jujuy\/el-atletico-de-simeone-perdio-ante-el-leverkusen-por-la-ida-de-los-octavos\/","title":{"rendered":"El Atl\u00e9tico de Simeone perdi\u00f3 ante el Leverkusen por la ida de los octavos"},"content":{"rendered":"<p>El equipo del \u201cCholo\u201d perdi\u00f3 1 a 0 con el conjunto alem\u00e1n por el tanto de Hakan \u00c7alhano\u011flu por la ida de la ronda de los mejores diecis\u00e9is del m\u00e1ximo torneo de clubes de Europa. En 2014, el \u201cColchonero\u201d fue subcampe\u00f3n.\u201d<\/p>\n<p>El gol del conjunto que dirige Roger Schmidt lo convirti\u00f3 el volante turco Hakan \u00c7alhano\u011flu, a los 12 minutos del segundo tiempo.<br \/>\nAtl\u00e9tico de Madrid, que no cont\u00f3 con los argentinos Cristian Ansaldi y \u00c1ngel Correa, es el \u00faltimo subcampe\u00f3n del torneo m\u00e1s importante de Europa a nivel de clubes.<\/p>\n<p>En el otro partido de la jornada, Arsenal de Inglaterra perdi\u00f3 por 3-1 frente a Monaco de Francia, con los goles de Geoffrey Kondogbia (38m. PT), el b\u00falgaro Dimitar Berbatov (8m. ST) y el belga Yannick Ferreira Carrasco (49m. ST); Alex Oxlade-Chamberlain (46m. ST) descont\u00f3 para el local.<\/p>\n<p>Los otros resultados de los partidos de ida de los octavos de final de la Liga de Campeones de Europa fueron los siguientes: Par\u00eds Saint Germain de Francia 1 - Chelsea de Inglaterra 1; Shakhtar Donetsk de Ucrania 0 -Bayern Munich de Alemania 0; Schalke de Alemania 0 - Real Madrid de Espa\u00f1a 2; Basilea de Suiza 1- Porto de Portugal 1; Manchester City de Inglaterra 1 - Barcelona de Espa\u00f1a 2 y Juventus de Italia 2 - Borussia Dortmund de Alemania 1.<\/p>\n<p>La final de la Liga de Campeones de Europa 2014\/2015 se llevar\u00e1 a cabo el 6 de junio en el estadio Ol\u00edmpico de Berl\u00edn, Alemania.<\/p>\n","protected":false},"excerpt":{"rendered":"<p>El equipo del \u201cCholo\u201d perdi\u00f3 1 a 0 con el conjunto alem\u00e1n por el tanto de Hakan \u00c7alhano\u011flu por la ida de la ronda de los mejores diecis\u00e9is del m\u00e1ximo torneo de clubes de Europa. En 2014, el \u201cColchonero\u201d fue subcampe\u00f3n.\u201d El gol del conjunto que dirige Roger Schmidt lo convirti\u00f3 el volante turco Hakan [&hellip;]<\/p>\n","protected":false},"author":1,"featured_media":17689,"comment_status":"open","ping_status":"open","sticky":false,"template":"","format":"standard","meta":{"_stopmodifiedupdate":false,"_modified_date":"","inline_featured_image":false,"spay_email":"","jetpack_publicize_message":""},"categories":[7],"tags":[],"jetpack_featured_media_url":"https:\/\/notinor.com\/jujuy\/wp-content\/uploads\/2015\/02\/simenone.jpg","jetpack_publicize_connections":[],"_links":{"self":[{"href":"https:\/\/notinor.com\/jujuy\/wp-json\/wp\/v2\/posts\/17688"}],"collection":[{"href":"https:\/\/notinor.com\/jujuy\/wp-json\/wp\/v2\/posts"}],"about":[{"href":"https:\/\/notinor.com\/jujuy\/wp-json\/wp\/v2\/types\/post"}],"author":[{"embeddable":true,"href":"https:\/\/notinor.com\/jujuy\/wp-json\/wp\/v2\/users\/1"}],"replies":[{"embeddable":true,"href":"https:\/\/notinor.com\/jujuy\/wp-json\/wp\/v2\/comments?post=17688"}],"version-history":[{"count":1,"href":"https:\/\/notinor.com\/jujuy\/wp-json\/wp\/v2\/posts\/17688\/revisions"}],"predecessor-version":[{"id":17690,"href":"https:\/\/notinor.com\/jujuy\/wp-json\/wp\/v2\/posts\/17688\/revisions\/17690"}],"wp:featuredmedia":[{"embeddable":true,"href":"https:\/\/notinor.com\/jujuy\/wp-json\/wp\/v2\/media\/17689"}],"wp:attachment":[{"href":"https:\/\/notinor.com\/jujuy\/wp-json\/wp\/v2\/media?parent=17688"}],"wp:term":[{"taxonomy":"category","embeddable":true,"href":"https:\/\/notinor.com\/jujuy\/wp-json\/wp\/v2\/categories?post=17688"},{"taxonomy":"post_tag","embeddable":true,"href":"https:\/\/notinor.com\/jujuy\/wp-json\/wp\/v2\/tags?post=17688"}],"curies":[{"name":"wp","href":"https:\/\/api.w.org\/{rel}","templated":true}]}}