{"id":17680,"date":"2015-02-26T09:32:46","date_gmt":"2015-02-26T12:32:46","guid":{"rendered":"http:\/\/notinor.com\/jujuy\/?p=17680"},"modified":"2015-02-26T09:32:46","modified_gmt":"2015-02-26T12:32:46","slug":"cruz-mario-bernardino-q-e-p-d","status":"publish","type":"post","link":"https:\/\/notinor.com\/jujuy\/cruz-mario-bernardino-q-e-p-d\/","title":{"rendered":"CRUZ, Mario Bernardino (Q.E.P.D.)"},"content":{"rendered":"<p>Falleci\u00f3 el 24 de febrero de 2015 . C.A.S.R. y B.P. a la edad de 50 a\u00f1os. Su esposa Juana Colque; sus hijos; Mat\u00edas; Lorena; Romina; Claudia, Mar\u00eda; David y Carolina; su madre Fructuosa Cruz; sus hermanos Tomas, Tomasa y Jacinto; sus t\u00edos; sus primos; sus sobrinos y dem\u00e1s familiares participan de su fallecimiento y comunican que sus restos mortales fueron inhumados\u00a0ayer 25 de febrero \u00a0en el cementerio Localidad Las Capillas . Casa de duelo Sala velat\u00f3ria, Independencia 1185, Ciudad. Se ruega elevar oraciones por su descanso eterno. Exequias y Ceremonial Werchow Servicios Sociales srl. Lavalle 123. Tel. Fax 0388-4225555<\/p>\n","protected":false},"excerpt":{"rendered":"<p>Falleci\u00f3 el 24 de febrero de 2015 . C.A.S.R. y B.P. a la edad de 50 a\u00f1os. Su esposa Juana Colque; sus hijos; Mat\u00edas; Lorena; Romina; Claudia, Mar\u00eda; David y Carolina; su madre Fructuosa Cruz; sus hermanos Tomas, Tomasa y Jacinto; sus t\u00edos; sus primos; sus sobrinos y dem\u00e1s familiares participan de su fallecimiento y [&hellip;]<\/p>\n","protected":false},"author":5,"featured_media":17668,"comment_status":"open","ping_status":"open","sticky":false,"template":"","format":"standard","meta":{"_stopmodifiedupdate":false,"_modified_date":"","inline_featured_image":false,"spay_email":"","jetpack_publicize_message":""},"categories":[18],"tags":[],"jetpack_featured_media_url":"https:\/\/notinor.com\/jujuy\/wp-content\/uploads\/2015\/02\/Obituarios2.jpg","jetpack_publicize_connections":[],"_links":{"self":[{"href":"https:\/\/notinor.com\/jujuy\/wp-json\/wp\/v2\/posts\/17680"}],"collection":[{"href":"https:\/\/notinor.com\/jujuy\/wp-json\/wp\/v2\/posts"}],"about":[{"href":"https:\/\/notinor.com\/jujuy\/wp-json\/wp\/v2\/types\/post"}],"author":[{"embeddable":true,"href":"https:\/\/notinor.com\/jujuy\/wp-json\/wp\/v2\/users\/5"}],"replies":[{"embeddable":true,"href":"https:\/\/notinor.com\/jujuy\/wp-json\/wp\/v2\/comments?post=17680"}],"version-history":[{"count":1,"href":"https:\/\/notinor.com\/jujuy\/wp-json\/wp\/v2\/posts\/17680\/revisions"}],"predecessor-version":[{"id":17681,"href":"https:\/\/notinor.com\/jujuy\/wp-json\/wp\/v2\/posts\/17680\/revisions\/17681"}],"wp:featuredmedia":[{"embeddable":true,"href":"https:\/\/notinor.com\/jujuy\/wp-json\/wp\/v2\/media\/17668"}],"wp:attachment":[{"href":"https:\/\/notinor.com\/jujuy\/wp-json\/wp\/v2\/media?parent=17680"}],"wp:term":[{"taxonomy":"category","embeddable":true,"href":"https:\/\/notinor.com\/jujuy\/wp-json\/wp\/v2\/categories?post=17680"},{"taxonomy":"post_tag","embeddable":true,"href":"https:\/\/notinor.com\/jujuy\/wp-json\/wp\/v2\/tags?post=17680"}],"curies":[{"name":"wp","href":"https:\/\/api.w.org\/{rel}","templated":true}]}}