{"id":17674,"date":"2015-02-26T09:25:47","date_gmt":"2015-02-26T12:25:47","guid":{"rendered":"http:\/\/notinor.com\/jujuy\/?p=17674"},"modified":"2015-02-26T09:25:47","modified_gmt":"2015-02-26T12:25:47","slug":"pachado-maria-dolores-q-e-p-d","status":"publish","type":"post","link":"https:\/\/notinor.com\/jujuy\/pachado-maria-dolores-q-e-p-d\/","title":{"rendered":"PACHADO, Mar\u00eda Dolores (Q.E.P.D.)"},"content":{"rendered":"<p>Falleci\u00f3 el d\u00eda 25 de febrero de 2015 a hs. 03:37. C.A.S.R. y B.P. \u00a0a la edad de 87 a\u00f1os. Sus hijos Teodora Calixta, Erasmo Abelino, Carmen Rosa, Teresa Dolores y Ambrosio Ram\u00f3n Caserez; sus hijos pol\u00edticos Ramona Ram\u00edrez, Galian Jos\u00e9 Luis y Sara Ahide Burgos; sus hermanos Abran, Pablo Flavia y Petrona Chaile; sus nietos Javier, Rub\u00e9n, Eduardo, Gustavo, Pablo, Macarena, Mercedes, Ver\u00f3nica, Mariana, Mar\u00eda In\u00e9s, Silvana y Jorge; sus sobrinos y dem\u00e1s familiares participaron de su fallecimiento y comunican que sus restos ser\u00e1n inhumados hoy 26 de febrero a hs. 10:30 en el cementerio Ntra. Sra. Del Carmen, El Carmen, Jujuy. Servicio y Ceremonial Empresa P\u00e1ez srl Tel. 0388-4934211. Fax 4911813Sarmiento 502 esq. Iriarte. .Email: empresa_paezsrl@hotmail. com C.P.(Y4603XAH) El Carmen, Jujuy<\/p>\n","protected":false},"excerpt":{"rendered":"<p>Falleci\u00f3 el d\u00eda 25 de febrero de 2015 a hs. 03:37. C.A.S.R. y B.P. \u00a0a la edad de 87 a\u00f1os. Sus hijos Teodora Calixta, Erasmo Abelino, Carmen Rosa, Teresa Dolores y Ambrosio Ram\u00f3n Caserez; sus hijos pol\u00edticos Ramona Ram\u00edrez, Galian Jos\u00e9 Luis y Sara Ahide Burgos; sus hermanos Abran, Pablo Flavia y Petrona Chaile; sus [&hellip;]<\/p>\n","protected":false},"author":5,"featured_media":17668,"comment_status":"open","ping_status":"open","sticky":false,"template":"","format":"standard","meta":{"_stopmodifiedupdate":false,"_modified_date":"","inline_featured_image":false,"spay_email":"","jetpack_publicize_message":""},"categories":[18],"tags":[],"jetpack_featured_media_url":"https:\/\/notinor.com\/jujuy\/wp-content\/uploads\/2015\/02\/Obituarios2.jpg","jetpack_publicize_connections":[],"_links":{"self":[{"href":"https:\/\/notinor.com\/jujuy\/wp-json\/wp\/v2\/posts\/17674"}],"collection":[{"href":"https:\/\/notinor.com\/jujuy\/wp-json\/wp\/v2\/posts"}],"about":[{"href":"https:\/\/notinor.com\/jujuy\/wp-json\/wp\/v2\/types\/post"}],"author":[{"embeddable":true,"href":"https:\/\/notinor.com\/jujuy\/wp-json\/wp\/v2\/users\/5"}],"replies":[{"embeddable":true,"href":"https:\/\/notinor.com\/jujuy\/wp-json\/wp\/v2\/comments?post=17674"}],"version-history":[{"count":1,"href":"https:\/\/notinor.com\/jujuy\/wp-json\/wp\/v2\/posts\/17674\/revisions"}],"predecessor-version":[{"id":17675,"href":"https:\/\/notinor.com\/jujuy\/wp-json\/wp\/v2\/posts\/17674\/revisions\/17675"}],"wp:featuredmedia":[{"embeddable":true,"href":"https:\/\/notinor.com\/jujuy\/wp-json\/wp\/v2\/media\/17668"}],"wp:attachment":[{"href":"https:\/\/notinor.com\/jujuy\/wp-json\/wp\/v2\/media?parent=17674"}],"wp:term":[{"taxonomy":"category","embeddable":true,"href":"https:\/\/notinor.com\/jujuy\/wp-json\/wp\/v2\/categories?post=17674"},{"taxonomy":"post_tag","embeddable":true,"href":"https:\/\/notinor.com\/jujuy\/wp-json\/wp\/v2\/tags?post=17674"}],"curies":[{"name":"wp","href":"https:\/\/api.w.org\/{rel}","templated":true}]}}