{"id":17672,"date":"2015-02-26T09:22:45","date_gmt":"2015-02-26T12:22:45","guid":{"rendered":"http:\/\/notinor.com\/jujuy\/?p=17672"},"modified":"2015-02-26T09:22:45","modified_gmt":"2015-02-26T12:22:45","slug":"cabrera-jose-antonio-q-e-p-d","status":"publish","type":"post","link":"https:\/\/notinor.com\/jujuy\/cabrera-jose-antonio-q-e-p-d\/","title":{"rendered":"CABRERA, Jos\u00e9 Antonio (Q.E.P.D.)"},"content":{"rendered":"<p>Falleci\u00f3 el d\u00eda 25 de febrero de 2015. C.A.S.R. y B.P. Su esposa Norma Tolaba; sus hijos Norma, Magali; su madre Rosa; sus nietos Priscila, Carla; su hermana Olga y dem\u00e1s familiares, participan con profundo dolor su fallecimiento, comunican que sus restos ser\u00e1n inhumados hoy 26 de febrero \u00a0a hs. 17:00 en el cementerios \u00a0Cristo Rey, San Pedro de Jujuy. Casa de duelo Pje. Italia 622, barrio Santa Rosa de Lima. Tanatopraxia, Ceremonia Y Honras F\u00fanebres Servicios Sociales Instituto Del Norte sa V\u00e9lez Sarfield 108 San Pedro de Jujuy. Tel. 03888-423146.<\/p>\n","protected":false},"excerpt":{"rendered":"<p>Falleci\u00f3 el d\u00eda 25 de febrero de 2015. C.A.S.R. y B.P. Su esposa Norma Tolaba; sus hijos Norma, Magali; su madre Rosa; sus nietos Priscila, Carla; su hermana Olga y dem\u00e1s familiares, participan con profundo dolor su fallecimiento, comunican que sus restos ser\u00e1n inhumados hoy 26 de febrero \u00a0a hs. 17:00 en el cementerios \u00a0Cristo [&hellip;]<\/p>\n","protected":false},"author":5,"featured_media":17668,"comment_status":"open","ping_status":"open","sticky":false,"template":"","format":"standard","meta":{"_stopmodifiedupdate":false,"_modified_date":"","inline_featured_image":false,"spay_email":"","jetpack_publicize_message":""},"categories":[18],"tags":[],"jetpack_featured_media_url":"https:\/\/notinor.com\/jujuy\/wp-content\/uploads\/2015\/02\/Obituarios2.jpg","jetpack_publicize_connections":[],"_links":{"self":[{"href":"https:\/\/notinor.com\/jujuy\/wp-json\/wp\/v2\/posts\/17672"}],"collection":[{"href":"https:\/\/notinor.com\/jujuy\/wp-json\/wp\/v2\/posts"}],"about":[{"href":"https:\/\/notinor.com\/jujuy\/wp-json\/wp\/v2\/types\/post"}],"author":[{"embeddable":true,"href":"https:\/\/notinor.com\/jujuy\/wp-json\/wp\/v2\/users\/5"}],"replies":[{"embeddable":true,"href":"https:\/\/notinor.com\/jujuy\/wp-json\/wp\/v2\/comments?post=17672"}],"version-history":[{"count":1,"href":"https:\/\/notinor.com\/jujuy\/wp-json\/wp\/v2\/posts\/17672\/revisions"}],"predecessor-version":[{"id":17673,"href":"https:\/\/notinor.com\/jujuy\/wp-json\/wp\/v2\/posts\/17672\/revisions\/17673"}],"wp:featuredmedia":[{"embeddable":true,"href":"https:\/\/notinor.com\/jujuy\/wp-json\/wp\/v2\/media\/17668"}],"wp:attachment":[{"href":"https:\/\/notinor.com\/jujuy\/wp-json\/wp\/v2\/media?parent=17672"}],"wp:term":[{"taxonomy":"category","embeddable":true,"href":"https:\/\/notinor.com\/jujuy\/wp-json\/wp\/v2\/categories?post=17672"},{"taxonomy":"post_tag","embeddable":true,"href":"https:\/\/notinor.com\/jujuy\/wp-json\/wp\/v2\/tags?post=17672"}],"curies":[{"name":"wp","href":"https:\/\/api.w.org\/{rel}","templated":true}]}}