{"id":17670,"date":"2015-02-26T09:19:44","date_gmt":"2015-02-26T12:19:44","guid":{"rendered":"http:\/\/notinor.com\/jujuy\/?p=17670"},"modified":"2015-02-26T09:19:44","modified_gmt":"2015-02-26T12:19:44","slug":"ramos-amalia-q-e-p-d","status":"publish","type":"post","link":"https:\/\/notinor.com\/jujuy\/ramos-amalia-q-e-p-d\/","title":{"rendered":"RAMOS, Amalia (Q.E.P.D.)"},"content":{"rendered":"<p>Falleci\u00f3 el d\u00eda 25 de febrero de 2015. C.A.S.R. y B.P. a la edad de 66 a\u00f1os. \"Jehov\u00e1 es mi pastor, nada me faltara, en lugar de delicados pastos me har\u00e1 descansar, junto a aguas de reposo me pastoreara y anqu\u00e9 ande en el valle de sombras de muerte, no temer\u00e9 mal alguno, porque tu estar\u00e1s conmigo. Sus hijos Laureano, Ricardo, Gustavo, Daniel, L\u00e1zaro, Juan, Cristina, N\u00e9lida, Marta, Beatriz, Sara, Carina, Miriam, Yesica; sus hermanos Pedro, Gregorio, Teclo, Luis, Marcelina y dem\u00e1s familiares participan con profunda tristeza de su partida hacia la morada del Alt\u00edsimo, rogando por el eterno descanso de su alma y por una pronta resignaci\u00f3n ante tan irreparable p\u00e9rdida y comunican que sus restos son velados en calle 18 de Noviembre 356, barrio Florida e inhumados hoy 26 de febrero\u00a0a hs. 14:00 en le cementerio Virgen de Paypaya de la localidad de Palpala . Servicio, exequias y ceremonial La Cocher\u00eda srl, para C.M Cocher\u00eda. Av. Pio Martijena 15, barrio San Martin, Palpala. Guardia 0388-154354764-154167119.<\/p>\n","protected":false},"excerpt":{"rendered":"<p>Falleci\u00f3 el d\u00eda 25 de febrero de 2015. C.A.S.R. y B.P. a la edad de 66 a\u00f1os. \"Jehov\u00e1 es mi pastor, nada me faltara, en lugar de delicados pastos me har\u00e1 descansar, junto a aguas de reposo me pastoreara y anqu\u00e9 ande en el valle de sombras de muerte, no temer\u00e9 mal alguno, porque tu [&hellip;]<\/p>\n","protected":false},"author":5,"featured_media":17668,"comment_status":"open","ping_status":"open","sticky":false,"template":"","format":"standard","meta":{"_stopmodifiedupdate":false,"_modified_date":"","inline_featured_image":false,"spay_email":"","jetpack_publicize_message":""},"categories":[18],"tags":[],"jetpack_featured_media_url":"https:\/\/notinor.com\/jujuy\/wp-content\/uploads\/2015\/02\/Obituarios2.jpg","jetpack_publicize_connections":[],"_links":{"self":[{"href":"https:\/\/notinor.com\/jujuy\/wp-json\/wp\/v2\/posts\/17670"}],"collection":[{"href":"https:\/\/notinor.com\/jujuy\/wp-json\/wp\/v2\/posts"}],"about":[{"href":"https:\/\/notinor.com\/jujuy\/wp-json\/wp\/v2\/types\/post"}],"author":[{"embeddable":true,"href":"https:\/\/notinor.com\/jujuy\/wp-json\/wp\/v2\/users\/5"}],"replies":[{"embeddable":true,"href":"https:\/\/notinor.com\/jujuy\/wp-json\/wp\/v2\/comments?post=17670"}],"version-history":[{"count":1,"href":"https:\/\/notinor.com\/jujuy\/wp-json\/wp\/v2\/posts\/17670\/revisions"}],"predecessor-version":[{"id":17671,"href":"https:\/\/notinor.com\/jujuy\/wp-json\/wp\/v2\/posts\/17670\/revisions\/17671"}],"wp:featuredmedia":[{"embeddable":true,"href":"https:\/\/notinor.com\/jujuy\/wp-json\/wp\/v2\/media\/17668"}],"wp:attachment":[{"href":"https:\/\/notinor.com\/jujuy\/wp-json\/wp\/v2\/media?parent=17670"}],"wp:term":[{"taxonomy":"category","embeddable":true,"href":"https:\/\/notinor.com\/jujuy\/wp-json\/wp\/v2\/categories?post=17670"},{"taxonomy":"post_tag","embeddable":true,"href":"https:\/\/notinor.com\/jujuy\/wp-json\/wp\/v2\/tags?post=17670"}],"curies":[{"name":"wp","href":"https:\/\/api.w.org\/{rel}","templated":true}]}}