{"id":17663,"date":"2015-02-26T03:41:10","date_gmt":"2015-02-26T06:41:10","guid":{"rendered":"http:\/\/notinor.com\/jujuy\/?p=17663"},"modified":"2015-02-26T03:41:10","modified_gmt":"2015-02-26T06:41:10","slug":"la-sueca-larson-en-los-corsos-sampedrenos","status":"publish","type":"post","link":"https:\/\/notinor.com\/jujuy\/la-sueca-larson-en-los-corsos-sampedrenos\/","title":{"rendered":"La sueca Larson en los corsos Sampedre\u00f1os"},"content":{"rendered":"<p>Se viene el \u00faltimo fin de semana de los corsos en esta localidad, como siempre cargado de sorpresas y de eventos que a\u00fan restan realizarse. La elecci\u00f3n de la Reina del Carnaval se llevara a cabo este jueves 26 de febrero y con ese motivo, en la ma\u00f1ana de este mi\u00e9rcoles 25, a las 11, habr\u00eda una presentaci\u00f3n, y un previo desfile en el sector del palco principal sobre calle Sarmiento con las candidatas.<\/p>\n<p>&nbsp;<\/p>\n<p>Con respecto a estos temas el presidente de la COME-COR 2015 dijo \u201d esta vez se realizaron comisiones externas, por ejemplo el domingo (corso infantil) estuvo Ariela Moyano con un equipo de trabajo y ahora otro equipo est\u00e1 a cargo de la elecci\u00f3n Reyna, que ser\u00eda el d\u00eda jueves, pasar\u00edan con trajes t\u00edpicos y con traje de noche para que puedan apreciar las dos versiones.\u201d<\/p>\n<p>&nbsp;<\/p>\n<p><a href=\"http:\/\/notinor.com\/jujuy\/wp-content\/uploads\/2015\/02\/sueca.jpg\"><img decoding=\"async\" loading=\"lazy\" class=\"aligncenter wp-image-17664 \" src=\"http:\/\/notinor.com\/jujuy\/wp-content\/uploads\/2015\/02\/sueca.jpg\" alt=\"sueca\" width=\"825\" height=\"615\" srcset=\"https:\/\/notinor.com\/jujuy\/wp-content\/uploads\/2015\/02\/sueca.jpg 900w, https:\/\/notinor.com\/jujuy\/wp-content\/uploads\/2015\/02\/sueca-300x223.jpg 300w\" sizes=\"(max-width: 825px) 100vw, 825px\" \/><\/a><\/p>\n<p>Adelanto que estar\u00e1 el grupo mendiete\u00f1o \u201cEngualichados \u201d\u00a0 y que esa noche se reconocer\u00e1n los aniversarios de las comparsas, \u201cla trayectoria de nuestros artistas, los aniversarios que est\u00e1n cumpliendo estos a\u00f1os, se hacen homenajes, se entregara un recordatorio y eso va a ser el d\u00eda jueves\u201d, completo Jurado.<\/p>\n<p>&nbsp;<\/p>\n<p>El d\u00eda viernes se realizara la pen\u00faltima jornada de los corsos con la presentaci\u00f3n del \u201cGrupo A, y desde el interior est\u00e1n queriendo participar ac\u00e1, en este caso estar\u00e1 el grupo Willka, queremos que hagan la apertura as\u00ed que estamos as\u00ed con los acuerdos, despu\u00e9s hay muchas comparsas que llaman y lo ideal ser\u00eda que pasen el viernes. El s\u00e1bado, si el tiempo nos ayuda estar\u00eda haciendo el desfile completo, y desde Buenos Aires viene la sueca Larson, en la carroza principal.\u201d<\/p>\n<p>&nbsp;<\/p>\n<p>Despu\u00e9s aclaro \u201cen caso de haber lluvia el viernes o el s\u00e1bado, se debe suspender y se tiene que recupera, la iniciativa nuestra es no dejar que pierdan nada, hasta ahora tenemos las 8 noches programadas y faltan dos, y si llueve, sobre la marcha tendremos que ir tratando de hacerlo otro d\u00eda, el d\u00eda s\u00e1bado la gente estuvo hasta el \u00faltimo, uno tienen que ver como organizador que si hay una llovizna no se puede suspender, los mismos artistas, ellos est\u00e1n desde temprano con los peinados con todo, hay que tener respeto y tambi\u00e9n por los mismos vendedores que est\u00e1n desde temprano, y si se suspende se recupera.<\/p>\n<p>&nbsp;<\/p>\n","protected":false},"excerpt":{"rendered":"<p>Se viene el \u00faltimo fin de semana de los corsos en esta localidad, como siempre cargado de sorpresas y de eventos que a\u00fan restan realizarse. La elecci\u00f3n de la Reina del Carnaval se llevara a cabo este jueves 26 de febrero y con ese motivo, en la ma\u00f1ana de este mi\u00e9rcoles 25, a las 11, [&hellip;]<\/p>\n","protected":false},"author":1,"featured_media":17664,"comment_status":"open","ping_status":"open","sticky":false,"template":"","format":"standard","meta":{"_stopmodifiedupdate":false,"_modified_date":"","inline_featured_image":false,"spay_email":"","jetpack_publicize_message":""},"categories":[21],"tags":[],"jetpack_featured_media_url":"https:\/\/notinor.com\/jujuy\/wp-content\/uploads\/2015\/02\/sueca.jpg","jetpack_publicize_connections":[],"_links":{"self":[{"href":"https:\/\/notinor.com\/jujuy\/wp-json\/wp\/v2\/posts\/17663"}],"collection":[{"href":"https:\/\/notinor.com\/jujuy\/wp-json\/wp\/v2\/posts"}],"about":[{"href":"https:\/\/notinor.com\/jujuy\/wp-json\/wp\/v2\/types\/post"}],"author":[{"embeddable":true,"href":"https:\/\/notinor.com\/jujuy\/wp-json\/wp\/v2\/users\/1"}],"replies":[{"embeddable":true,"href":"https:\/\/notinor.com\/jujuy\/wp-json\/wp\/v2\/comments?post=17663"}],"version-history":[{"count":1,"href":"https:\/\/notinor.com\/jujuy\/wp-json\/wp\/v2\/posts\/17663\/revisions"}],"predecessor-version":[{"id":17665,"href":"https:\/\/notinor.com\/jujuy\/wp-json\/wp\/v2\/posts\/17663\/revisions\/17665"}],"wp:featuredmedia":[{"embeddable":true,"href":"https:\/\/notinor.com\/jujuy\/wp-json\/wp\/v2\/media\/17664"}],"wp:attachment":[{"href":"https:\/\/notinor.com\/jujuy\/wp-json\/wp\/v2\/media?parent=17663"}],"wp:term":[{"taxonomy":"category","embeddable":true,"href":"https:\/\/notinor.com\/jujuy\/wp-json\/wp\/v2\/categories?post=17663"},{"taxonomy":"post_tag","embeddable":true,"href":"https:\/\/notinor.com\/jujuy\/wp-json\/wp\/v2\/tags?post=17663"}],"curies":[{"name":"wp","href":"https:\/\/api.w.org\/{rel}","templated":true}]}}