{"id":175559,"date":"2018-05-24T18:58:26","date_gmt":"2018-05-24T21:58:26","guid":{"rendered":"http:\/\/notinor.com\/jujuy\/?p=175559"},"modified":"2018-05-24T19:03:50","modified_gmt":"2018-05-24T22:03:50","slug":"la-municipalidad-de-jujuy-y-el-gobierno-de-la-ciudad-de-buenos-aires-firmaron-un-nuevo-convenio-de-cooperacion","status":"publish","type":"post","link":"https:\/\/notinor.com\/jujuy\/la-municipalidad-de-jujuy-y-el-gobierno-de-la-ciudad-de-buenos-aires-firmaron-un-nuevo-convenio-de-cooperacion\/","title":{"rendered":"La Municipalidad de Jujuy y el Gobierno de la Ciudad de Buenos Aires firmaron un nuevo convenio de cooperaci\u00f3n"},"content":{"rendered":"<p><img decoding=\"async\" loading=\"lazy\" class=\"size-medium wp-image-175564 aligncenter\" src=\"http:\/\/notinor.com\/jujuy\/wp-content\/uploads\/2018\/05\/Colaboraci\u00f3n-reciproca-con-la-ciudad-de-bs-as1-548x365.jpeg\" alt=\"\" width=\"548\" height=\"365\" srcset=\"https:\/\/notinor.com\/jujuy\/wp-content\/uploads\/2018\/05\/Colaboraci\u00f3n-reciproca-con-la-ciudad-de-bs-as1-548x365.jpeg 548w, https:\/\/notinor.com\/jujuy\/wp-content\/uploads\/2018\/05\/Colaboraci\u00f3n-reciproca-con-la-ciudad-de-bs-as1-768x512.jpeg 768w, https:\/\/notinor.com\/jujuy\/wp-content\/uploads\/2018\/05\/Colaboraci\u00f3n-reciproca-con-la-ciudad-de-bs-as1-720x480.jpeg 720w, https:\/\/notinor.com\/jujuy\/wp-content\/uploads\/2018\/05\/Colaboraci\u00f3n-reciproca-con-la-ciudad-de-bs-as1-400x266.jpeg 400w, https:\/\/notinor.com\/jujuy\/wp-content\/uploads\/2018\/05\/Colaboraci\u00f3n-reciproca-con-la-ciudad-de-bs-as1.jpeg 800w\" sizes=\"(max-width: 548px) 100vw, 548px\" \/><\/p>\n<p>El pasado mi\u00e9rcoles 23 de mayo, en la sede del Gobierno de la Ciudad, se firm\u00f3 la renovaci\u00f3n del convenio marco de colaboraci\u00f3n rec\u00edproca entre el Gobierno de la Ciudad de Buenos Aires y la Municipalidad de San Salvador de Jujuy para fortalecer los v\u00ednculos entre ciudades y extender las fronteras de crecimiento y desarrollo a trav\u00e9s del intercambio de conocimientos y experiencias.<\/p>\n<p>El acuerdo suscrito por el Jefe de Gobierno porte\u00f1o, Horacio Rodr\u00edguez Larreta, y el Intendente juje\u00f1o, Ra\u00fal Jorge, permite dise\u00f1ar e implementar pol\u00edticas p\u00fablicas y acciones en materia de intercambio cultural, econ\u00f3mico, hist\u00f3rico, educativo, cient\u00edfico, social, deportivo y tur\u00edstico para que, a trav\u00e9s del intercambio de conocimiento y experiencias, ambos gobiernos puedan desarrollar juntos todo su potencial.<\/p>\n<p>La renovaci\u00f3n del Convenio de Acci\u00f3n Rec\u00edproca entre ambas ciudades propone continuar con la colaboraci\u00f3n rec\u00edproca en el desarrollo de actividades conjuntas, como la realizaci\u00f3n de muestras, espect\u00e1culos, conferencias, exposiciones, eventos y charlas, incluyendo el dictado de talleres y\/o cursos de capacitaci\u00f3n.<\/p>\n<p>El intendente \u201cChuli\u201d Jorge resalt\u00f3 la importancia de poder seguir intercambiando experiencias de gesti\u00f3n junto con el Gobierno de la Ciudad de Buenos Aires: \u201cSignifica para nosotros volver a retomar esa sana costumbre de estar permanentemente en contacto para apoyarnos y entender que las gestiones prosperan imitando los buenos ejemplos y las buenas experiencias\u201d.<\/p>\n<p>La firma de convenios entre el Gobierno de la Ciudad de Buenos Aires, las gobernaciones y los municipios se lleva a cabo a trav\u00e9s de la Direcci\u00f3n General Relaciones con las Provincias y Municipios del Ministerio de Gobierno porte\u00f1o. Tras el evento, el Director General, Gerardo Siniscalchi explic\u00f3 la importancia de este acuerdo: \u201cEstamos muy contentos de que la Municipalidad de San Salvador de Jujuy haya renovado su confianza en nosotros, ya que es muy importante conectar gestiones para lograr mejores resultados de trabajo\u201d.<\/p>\n<p>&nbsp;<\/p>\n","protected":false},"excerpt":{"rendered":"<p>El pasado mi\u00e9rcoles 23 de mayo, en la sede del Gobierno de la Ciudad, se firm\u00f3 la renovaci\u00f3n del convenio marco de colaboraci\u00f3n rec\u00edproca entre el Gobierno de la Ciudad de Buenos Aires y la Municipalidad de San Salvador de Jujuy para fortalecer los v\u00ednculos entre ciudades y extender las fronteras de crecimiento y desarrollo [&hellip;]<\/p>\n","protected":false},"author":5,"featured_media":175562,"comment_status":"open","ping_status":"open","sticky":false,"template":"","format":"standard","meta":{"_stopmodifiedupdate":false,"_modified_date":"","inline_featured_image":false,"spay_email":"","jetpack_publicize_message":""},"categories":[490],"tags":[],"jetpack_featured_media_url":"https:\/\/notinor.com\/jujuy\/wp-content\/uploads\/2018\/05\/Colaboraci\u00f3n-reciproca-con-la-ciudad-de-bs-as2.jpeg","jetpack_publicize_connections":[],"_links":{"self":[{"href":"https:\/\/notinor.com\/jujuy\/wp-json\/wp\/v2\/posts\/175559"}],"collection":[{"href":"https:\/\/notinor.com\/jujuy\/wp-json\/wp\/v2\/posts"}],"about":[{"href":"https:\/\/notinor.com\/jujuy\/wp-json\/wp\/v2\/types\/post"}],"author":[{"embeddable":true,"href":"https:\/\/notinor.com\/jujuy\/wp-json\/wp\/v2\/users\/5"}],"replies":[{"embeddable":true,"href":"https:\/\/notinor.com\/jujuy\/wp-json\/wp\/v2\/comments?post=175559"}],"version-history":[{"count":3,"href":"https:\/\/notinor.com\/jujuy\/wp-json\/wp\/v2\/posts\/175559\/revisions"}],"predecessor-version":[{"id":175570,"href":"https:\/\/notinor.com\/jujuy\/wp-json\/wp\/v2\/posts\/175559\/revisions\/175570"}],"wp:featuredmedia":[{"embeddable":true,"href":"https:\/\/notinor.com\/jujuy\/wp-json\/wp\/v2\/media\/175562"}],"wp:attachment":[{"href":"https:\/\/notinor.com\/jujuy\/wp-json\/wp\/v2\/media?parent=175559"}],"wp:term":[{"taxonomy":"category","embeddable":true,"href":"https:\/\/notinor.com\/jujuy\/wp-json\/wp\/v2\/categories?post=175559"},{"taxonomy":"post_tag","embeddable":true,"href":"https:\/\/notinor.com\/jujuy\/wp-json\/wp\/v2\/tags?post=175559"}],"curies":[{"name":"wp","href":"https:\/\/api.w.org\/{rel}","templated":true}]}}