{"id":175554,"date":"2018-05-24T18:40:50","date_gmt":"2018-05-24T21:40:50","guid":{"rendered":"http:\/\/notinor.com\/jujuy\/?p=175554"},"modified":"2020-08-24T12:27:12","modified_gmt":"2020-08-24T15:27:12","slug":"nuevos-funcionarios-se-suman-al-equipo-de-trabajo-del-rectorado-de-la-unju","status":"publish","type":"post","link":"https:\/\/notinor.com\/jujuy\/nuevos-funcionarios-se-suman-al-equipo-de-trabajo-del-rectorado-de-la-unju\/","title":{"rendered":"Nuevos funcionarios se suman al equipo de trabajo del rectorado de la UNJu"},"content":{"rendered":"<p>El Rector de la Universidad Nacional de Jujuy (UNJu), Lic. Rodolfo Tecchi, present\u00f3 a los nuevos colaboradores que se suman a su gabinete en este nuevo mandato al frente de la casa de estudios. El ex Decano de la Facultad de Ciencias Agrarias, Mg. Ing.Agr. Mario Bonillo, reemplaz\u00f3 en la Secretaria de Asuntos Acad\u00e9micos al Dr. Cesar Arrueta, quien asumi\u00f3 el Decanato de la Facultad de Humanidades y Ciencias Sociales.<\/p>\n<p>Adem\u00e1s, el Contador P\u00fablico Nacional Jaime Sebasti\u00e1n Berastegui, docente de la Facultad de Ciencias Econ\u00f3micas, ocupa la Secretar\u00eda de Administraci\u00f3n. Asimismo, la ex Videcana de la Facultad de Ingenieria, Magister Bi\u00f3loga Sandra Adriana Giunta, fue designada a cargo de la Secretar\u00eda de Ciencia, Tecnica y Estudios Regionales (SeCTER).<\/p>\n<p>En esta nueva gesti\u00f3n tambi\u00e9n se ha sumado Carlos Lorenzo Aparicio, de la Facultad de Ciencias Econ\u00f3micas, quien se desmpe\u00f1ar\u00e1 en la Asesoria de Cooperaci\u00f3n T\u00e9cnica y gestionar\u00e1 diversas iniciativas de trabajo interinstitucional con la Secretaria de Politicas Universitarias y con distintas \u00e1reas del gobierno provincial.<\/p>\n<p>El Lic. Tecchi no anunci\u00f3 a\u00fan otros cambios en el gabinete universitario.-<\/p>\n","protected":false},"excerpt":{"rendered":"<p>El Rector de la Universidad Nacional de Jujuy (UNJu), Lic. Rodolfo Tecchi, present\u00f3 a los nuevos colaboradores que se suman a su gabinete en este nuevo mandato al frente de la casa de estudios. El ex Decano de la Facultad de Ciencias Agrarias, Mg. Ing.Agr. Mario Bonillo, reemplaz\u00f3 en la Secretaria de Asuntos Acad\u00e9micos al [&hellip;]<\/p>\n","protected":false},"author":5,"featured_media":175556,"comment_status":"open","ping_status":"open","sticky":false,"template":"","format":"standard","meta":{"_stopmodifiedupdate":false,"_modified_date":"","inline_featured_image":false,"spay_email":"","jetpack_publicize_message":""},"categories":[21],"tags":[],"jetpack_featured_media_url":"https:\/\/notinor.com\/jujuy\/wp-content\/uploads\/2018\/05\/Nuevosfuncionarios.jpg","jetpack_publicize_connections":[],"_links":{"self":[{"href":"https:\/\/notinor.com\/jujuy\/wp-json\/wp\/v2\/posts\/175554"}],"collection":[{"href":"https:\/\/notinor.com\/jujuy\/wp-json\/wp\/v2\/posts"}],"about":[{"href":"https:\/\/notinor.com\/jujuy\/wp-json\/wp\/v2\/types\/post"}],"author":[{"embeddable":true,"href":"https:\/\/notinor.com\/jujuy\/wp-json\/wp\/v2\/users\/5"}],"replies":[{"embeddable":true,"href":"https:\/\/notinor.com\/jujuy\/wp-json\/wp\/v2\/comments?post=175554"}],"version-history":[{"count":3,"href":"https:\/\/notinor.com\/jujuy\/wp-json\/wp\/v2\/posts\/175554\/revisions"}],"predecessor-version":[{"id":175579,"href":"https:\/\/notinor.com\/jujuy\/wp-json\/wp\/v2\/posts\/175554\/revisions\/175579"}],"wp:featuredmedia":[{"embeddable":true,"href":"https:\/\/notinor.com\/jujuy\/wp-json\/wp\/v2\/media\/175556"}],"wp:attachment":[{"href":"https:\/\/notinor.com\/jujuy\/wp-json\/wp\/v2\/media?parent=175554"}],"wp:term":[{"taxonomy":"category","embeddable":true,"href":"https:\/\/notinor.com\/jujuy\/wp-json\/wp\/v2\/categories?post=175554"},{"taxonomy":"post_tag","embeddable":true,"href":"https:\/\/notinor.com\/jujuy\/wp-json\/wp\/v2\/tags?post=175554"}],"curies":[{"name":"wp","href":"https:\/\/api.w.org\/{rel}","templated":true}]}}