{"id":175551,"date":"2018-05-24T18:36:47","date_gmt":"2018-05-24T21:36:47","guid":{"rendered":"http:\/\/notinor.com\/jujuy\/?p=175551"},"modified":"2018-05-24T18:42:31","modified_gmt":"2018-05-24T21:42:31","slug":"primer-egresado-de-la-sede-san-pedro-de-la-unju","status":"publish","type":"post","link":"https:\/\/notinor.com\/jujuy\/primer-egresado-de-la-sede-san-pedro-de-la-unju\/","title":{"rendered":"Primer egresado de la Sede San Pedro de la UNJu"},"content":{"rendered":"<p>La Sede San Pedro de la Universidad Nacional de Jujuy (UNJu) cuenta con su primer estudiante egresado. Tras la defensa de su trabajo final, el joven H\u00e9ctor Jos\u00e9 Avilez es el primer T\u00e9cnico en Producci\u00f3n Lechera recibido en la provincia.<\/p>\n<p>En la ocasi\u00f3n, el flamante profesional dijo que\"estoy muy contento de haberme recibido de T\u00e9cnico, teniendo todo el apoyo de la Facultad y del productor para el que dise\u00f1\u00e9 el proyecto de Trabajo Final, una poropuesta para un peque\u00f1o productor familiar en la zona de Los Morados, en San Antonio. La iniciativa incluye mejoras para que la producci\u00f3n se puede desarrollar de forma continua, a lo largo de todo el a\u00f1o\", coment\u00f3 Avilez. El joven profesional tambi\u00e9n agradeci\u00f3 \"a mi familia, a los compa\u00f1eros que me acompa\u00f1an, a la familia Limache, por su generosidad, y a todas las autoridades de la Facultad de Ciencias Agrarias de la UNJu\u201d.<\/p>\n<p>En la defensa del trabajo final del egresado estuvo presente el Rector de la UNJu, Lic. Rodolfo Tecchi, quien alent\u00f3 a los estudiantes para visibilizar y acrecentar los conocimientos que brinda la oferta acad\u00e9mica que la casa de estudios tiene en la Sede San Pedro. \"La elecci\u00f3n, el esfuerzo y la dedicaci\u00f3n de H\u00e9ctor nos reafirma el camino que hemos emprendido como instituci\u00f3n,para poder llegar a las personas que eligen una carrera universitaria cerca de su lugar de residencia, por medio de la Expansi\u00f3n Acad\u00e9mica que ofrece la UNJu\", agreg\u00f3 el Rector.<\/p>\n<p>Estuvieron acompa\u00f1ando en la oportunidad, adem\u00e1s, el Secretario de Asuntos Acad\u00e9micos de la UNJu, Ing. Agr. Mario Bonillo; junto al Coordinador General de la Expansi\u00f3n Acad\u00e9mica San Pedro, Ing. Lauro Caz\u00f3n; y el Coordinador de la Carrera Tecnicatura en Producci\u00f3n Lechera, Ing. Esteban Molinalas, as\u00ed como tambi\u00e9n autoridades de la Facultad de Ciencias Agrarias (FCA) de la UNJu, el\u00a0 Decano Ing. Agr. Dante Hormigo; la Vicedecana, Dra. Noem\u00ed Bejarano; y la Secretaria Acad\u00e9mica, Ing. Arg. Susana \u00c1lvarez, con la participaci\u00f3n de docentes y alumnos de la Sede.-<\/p>\n","protected":false},"excerpt":{"rendered":"<p>La Sede San Pedro de la Universidad Nacional de Jujuy (UNJu) cuenta con su primer estudiante egresado. Tras la defensa de su trabajo final, el joven H\u00e9ctor Jos\u00e9 Avilez es el primer T\u00e9cnico en Producci\u00f3n Lechera recibido en la provincia. En la ocasi\u00f3n, el flamante profesional dijo que\"estoy muy contento de haberme recibido de T\u00e9cnico, [&hellip;]<\/p>\n","protected":false},"author":5,"featured_media":175558,"comment_status":"open","ping_status":"open","sticky":false,"template":"","format":"standard","meta":{"_stopmodifiedupdate":false,"_modified_date":"","inline_featured_image":false,"spay_email":"","jetpack_publicize_message":""},"categories":[4],"tags":[],"jetpack_featured_media_url":"https:\/\/notinor.com\/jujuy\/wp-content\/uploads\/2018\/05\/egresado-SAN-PEDRO.jpg","jetpack_publicize_connections":[],"_links":{"self":[{"href":"https:\/\/notinor.com\/jujuy\/wp-json\/wp\/v2\/posts\/175551"}],"collection":[{"href":"https:\/\/notinor.com\/jujuy\/wp-json\/wp\/v2\/posts"}],"about":[{"href":"https:\/\/notinor.com\/jujuy\/wp-json\/wp\/v2\/types\/post"}],"author":[{"embeddable":true,"href":"https:\/\/notinor.com\/jujuy\/wp-json\/wp\/v2\/users\/5"}],"replies":[{"embeddable":true,"href":"https:\/\/notinor.com\/jujuy\/wp-json\/wp\/v2\/comments?post=175551"}],"version-history":[{"count":2,"href":"https:\/\/notinor.com\/jujuy\/wp-json\/wp\/v2\/posts\/175551\/revisions"}],"predecessor-version":[{"id":175553,"href":"https:\/\/notinor.com\/jujuy\/wp-json\/wp\/v2\/posts\/175551\/revisions\/175553"}],"wp:featuredmedia":[{"embeddable":true,"href":"https:\/\/notinor.com\/jujuy\/wp-json\/wp\/v2\/media\/175558"}],"wp:attachment":[{"href":"https:\/\/notinor.com\/jujuy\/wp-json\/wp\/v2\/media?parent=175551"}],"wp:term":[{"taxonomy":"category","embeddable":true,"href":"https:\/\/notinor.com\/jujuy\/wp-json\/wp\/v2\/categories?post=175551"},{"taxonomy":"post_tag","embeddable":true,"href":"https:\/\/notinor.com\/jujuy\/wp-json\/wp\/v2\/tags?post=175551"}],"curies":[{"name":"wp","href":"https:\/\/api.w.org\/{rel}","templated":true}]}}