{"id":175546,"date":"2018-05-24T18:32:24","date_gmt":"2018-05-24T21:32:24","guid":{"rendered":"http:\/\/notinor.com\/jujuy\/?p=175546"},"modified":"2018-05-24T18:32:24","modified_gmt":"2018-05-24T21:32:24","slug":"el-archivo-historico-de-la-legislatura-conmemoro-la-semana-de-mayo","status":"publish","type":"post","link":"https:\/\/notinor.com\/jujuy\/el-archivo-historico-de-la-legislatura-conmemoro-la-semana-de-mayo\/","title":{"rendered":"El Archivo Hist\u00f3rico de la Legislatura conmemor\u00f3 la Semana de Mayo"},"content":{"rendered":"<figure id=\"attachment_175549\" aria-describedby=\"caption-attachment-175549\" style=\"width: 546px\" class=\"wp-caption aligncenter\"><img decoding=\"async\" loading=\"lazy\" class=\"size-medium wp-image-175549\" src=\"http:\/\/notinor.com\/jujuy\/wp-content\/uploads\/2018\/05\/archivo2-546x365.jpg\" alt=\"\" width=\"546\" height=\"365\" srcset=\"https:\/\/notinor.com\/jujuy\/wp-content\/uploads\/2018\/05\/archivo2-546x365.jpg 546w, https:\/\/notinor.com\/jujuy\/wp-content\/uploads\/2018\/05\/archivo2-719x480.jpg 719w, https:\/\/notinor.com\/jujuy\/wp-content\/uploads\/2018\/05\/archivo2.jpg 750w, https:\/\/notinor.com\/jujuy\/wp-content\/uploads\/2018\/05\/archivo2-400x266.jpg 400w\" sizes=\"(max-width: 546px) 100vw, 546px\" \/><figcaption id=\"caption-attachment-175549\" class=\"wp-caption-text\">????????????????????????????????????<\/figcaption><\/figure>\n<p>Cabe se\u00f1alar que participaron de tal\u00a0 ceremonia, el secretario parlamentario, Dr. Nicol\u00e1s Snopek, la presidente de la Comisi\u00f3n de Salud, Lourdes Navarro, la jefa del Archivo Hist\u00f3rico de la Legislatura, Prof. Lilian Batallanos y la Prof. Ana \u00c1lvarez del Instituto Populorum Progresio, filial San Pedro.<\/p>\n<p>En ese sentido el secretario parlamentario del Poder Legislativo, Dr. Nicol\u00e1s Snopek puso en relieve el trabajo diario del Archivo Hist\u00f3rico y reiter\u00f3 su apoyo a cada iniciativa que desarrolle en pos de generar conciencia en la conservaci\u00f3n de los documentos hist\u00f3rico que resguarda la instituci\u00f3n.<\/p>\n<p>Por su parte la legisladora provincial, Lourdes Navarro, presidente de la Comisi\u00f3n de Salud, destac\u00f3 el trabajo formativo que implementa el archivo hist\u00f3rico con distintos sectores\u00a0 de la sociedad, especialmente con el educativo para crear conciencia y conocimientos para la conservaci\u00f3n de documentos de gran importancia para la historia de la provincia de Jujuy.<\/p>\n<p>En tanto la titular del archivo del Poder Legislativo, Prof. Lilian Batallanos subray\u00f3 la importancia de conmemorar la Semana de Mayo desde la Legislatura de Jujuy, sumando a esta actividad la entrega de los certificados del curso de t\u00e9cnicas de archivos del que tomaron parte 115 estudiantes del Profesorado de Historia de San Pedro de Jujuy, detallando que los contenidos impartidos \"son t\u00e9cnicas de c\u00f3mo se conserva dentro del marco del Archivo Hist\u00f3rico Legislativo, se trabaja para mantener la fuente de la historia, el documento original del a\u00f1o 1835, cuando se instal\u00f3 la primera Legislatura, desde ese entonces tenemos documentos originales que hay que tratar para que se mantengan a trav\u00e9s del tiempo\", expres\u00f3.<\/p>\n<p>&nbsp;<\/p>\n","protected":false},"excerpt":{"rendered":"<p>Cabe se\u00f1alar que participaron de tal\u00a0 ceremonia, el secretario parlamentario, Dr. Nicol\u00e1s Snopek, la presidente de la Comisi\u00f3n de Salud, Lourdes Navarro, la jefa del Archivo Hist\u00f3rico de la Legislatura, Prof. Lilian Batallanos y la Prof. Ana \u00c1lvarez del Instituto Populorum Progresio, filial San Pedro. En ese sentido el secretario parlamentario del Poder Legislativo, Dr. [&hellip;]<\/p>\n","protected":false},"author":5,"featured_media":175548,"comment_status":"open","ping_status":"open","sticky":false,"template":"","format":"standard","meta":{"_stopmodifiedupdate":false,"_modified_date":"","inline_featured_image":false,"spay_email":"","jetpack_publicize_message":""},"categories":[13],"tags":[],"jetpack_featured_media_url":"https:\/\/notinor.com\/jujuy\/wp-content\/uploads\/2018\/05\/ARCHIVO5.jpg","jetpack_publicize_connections":[],"_links":{"self":[{"href":"https:\/\/notinor.com\/jujuy\/wp-json\/wp\/v2\/posts\/175546"}],"collection":[{"href":"https:\/\/notinor.com\/jujuy\/wp-json\/wp\/v2\/posts"}],"about":[{"href":"https:\/\/notinor.com\/jujuy\/wp-json\/wp\/v2\/types\/post"}],"author":[{"embeddable":true,"href":"https:\/\/notinor.com\/jujuy\/wp-json\/wp\/v2\/users\/5"}],"replies":[{"embeddable":true,"href":"https:\/\/notinor.com\/jujuy\/wp-json\/wp\/v2\/comments?post=175546"}],"version-history":[{"count":2,"href":"https:\/\/notinor.com\/jujuy\/wp-json\/wp\/v2\/posts\/175546\/revisions"}],"predecessor-version":[{"id":175550,"href":"https:\/\/notinor.com\/jujuy\/wp-json\/wp\/v2\/posts\/175546\/revisions\/175550"}],"wp:featuredmedia":[{"embeddable":true,"href":"https:\/\/notinor.com\/jujuy\/wp-json\/wp\/v2\/media\/175548"}],"wp:attachment":[{"href":"https:\/\/notinor.com\/jujuy\/wp-json\/wp\/v2\/media?parent=175546"}],"wp:term":[{"taxonomy":"category","embeddable":true,"href":"https:\/\/notinor.com\/jujuy\/wp-json\/wp\/v2\/categories?post=175546"},{"taxonomy":"post_tag","embeddable":true,"href":"https:\/\/notinor.com\/jujuy\/wp-json\/wp\/v2\/tags?post=175546"}],"curies":[{"name":"wp","href":"https:\/\/api.w.org\/{rel}","templated":true}]}}