{"id":175541,"date":"2018-05-24T18:24:52","date_gmt":"2018-05-24T21:24:52","guid":{"rendered":"http:\/\/notinor.com\/jujuy\/?p=175541"},"modified":"2018-05-24T18:24:52","modified_gmt":"2018-05-24T21:24:52","slug":"ediles-visitaron-la-escuela-no-264-batalla-de-suipacha","status":"publish","type":"post","link":"https:\/\/notinor.com\/jujuy\/ediles-visitaron-la-escuela-no-264-batalla-de-suipacha\/","title":{"rendered":"Ediles visitaron la Escuela N\u00ba 264 \"Batalla de Suipacha\""},"content":{"rendered":"<p><img decoding=\"async\" loading=\"lazy\" class=\"size-medium wp-image-175544 aligncenter\" src=\"http:\/\/notinor.com\/jujuy\/wp-content\/uploads\/2018\/05\/Visita-a-escuela1.jpg-575x365.jpg\" alt=\"\" width=\"575\" height=\"365\" srcset=\"https:\/\/notinor.com\/jujuy\/wp-content\/uploads\/2018\/05\/Visita-a-escuela1.jpg-575x365.jpg 575w, https:\/\/notinor.com\/jujuy\/wp-content\/uploads\/2018\/05\/Visita-a-escuela1.jpg.jpg 750w\" sizes=\"(max-width: 575px) 100vw, 575px\" \/><\/p>\n<p>En este sentido, el presidente de la instituci\u00f3n, Lisandro Aguiar, m\u00e1s los concejales Santiago Jubert, Marcelo Garc\u00eda, Mar\u00eda Gal\u00e1n, Patricia Moya y Estela Flores se llegaron hasta la instituci\u00f3n educativa ubicada en barrio Chijra.<\/p>\n<p>Al respecto, Lisandro Aguiar destac\u00f3 que \"es una escuela que est\u00e1 cerca del centro pero que tiene caracter\u00edsticas rurales, estamos acompa\u00f1ando en la celebraci\u00f3n del 25 de Mayo y entregando algunas donaciones, pero la idea es agradecer al cuerpo docente que cada d\u00eda hace patria educando a nuestros chicos, que en definitiva ser\u00e1n los vecinos y ciudadanos del ma\u00f1ana, ejerciendo sus derechos y sus obligaciones\".<\/p>\n<p>Asimismo, agreg\u00f3 que \"es una forma de reconocer a todas estas personas, cada uno aporta un granito importante educando en estas escuelas. Por eso estamos muy contentos de poder compartir junto a esta comunidad educativa estas v\u00edsperas de nuestro d\u00eda patrio como es el 25 de Mayo\".<\/p>\n<p>Por \u00faltimo, el edil radical remarc\u00f3 que \"la idea del Concejo Deliberante es revalorizar todas las fechas patrias, lo que son nuestros s\u00edmbolos patrios, por eso tambi\u00e9n estuvimos en la escuela de Termas de Reyes el D\u00eda de la Escarapela, tambi\u00e9n hicimos un lindo acto en el concejo por el d\u00eda del Himno Nacional y hoy en esta escuela compartiendo con alumnos y el personal docente y no docente\".<\/p>\n<p>A su turno, La Vice-Directora de la instituci\u00f3n, Am\u00e9rica Lamas, \"le agradecemos mucho a los concejales que compartan con nosotros y los chicos en estas fechas patrias. Somos una escuela que cuenta con 240 alumnos y tiene la modalidad de jornada extendida con los alumnos de quinto, sexto y s\u00e9ptimo grado trabajan con muchos talleres, como por ejemplo de expresi\u00f3n corporal, deportivos y aprendizaje de diferentes lenguas\".<\/p>\n<p>\"Los maestros le ponen muchas ganas \u2013continu\u00f3 Lamas- los chicos responden muy bien y los padres acompa\u00f1an, tambi\u00e9n el personal de servicio, generalmente son chicos que provienen del barrio Suipacha. La cocina industrial que nos donaron los concejales la est\u00e1bamos necesitando y las chicas de la cocina la pondr\u00e1n a trabajar el mismo lunes, es para el bien de los ni\u00f1os y para mejorar toda la actividad de la escuela. Es bueno sentir la compa\u00f1\u00eda de nuestros gobernantes, que vengan a ver nuestra necesidades\".<\/p>\n<p>&nbsp;<\/p>\n","protected":false},"excerpt":{"rendered":"<p>En este sentido, el presidente de la instituci\u00f3n, Lisandro Aguiar, m\u00e1s los concejales Santiago Jubert, Marcelo Garc\u00eda, Mar\u00eda Gal\u00e1n, Patricia Moya y Estela Flores se llegaron hasta la instituci\u00f3n educativa ubicada en barrio Chijra. Al respecto, Lisandro Aguiar destac\u00f3 que \"es una escuela que est\u00e1 cerca del centro pero que tiene caracter\u00edsticas rurales, estamos acompa\u00f1ando [&hellip;]<\/p>\n","protected":false},"author":5,"featured_media":175543,"comment_status":"open","ping_status":"open","sticky":false,"template":"","format":"standard","meta":{"_stopmodifiedupdate":false,"_modified_date":"","inline_featured_image":false,"spay_email":"","jetpack_publicize_message":""},"categories":[490],"tags":[],"jetpack_featured_media_url":"https:\/\/notinor.com\/jujuy\/wp-content\/uploads\/2018\/05\/Visita-a-escuela2.jpg.jpg","jetpack_publicize_connections":[],"_links":{"self":[{"href":"https:\/\/notinor.com\/jujuy\/wp-json\/wp\/v2\/posts\/175541"}],"collection":[{"href":"https:\/\/notinor.com\/jujuy\/wp-json\/wp\/v2\/posts"}],"about":[{"href":"https:\/\/notinor.com\/jujuy\/wp-json\/wp\/v2\/types\/post"}],"author":[{"embeddable":true,"href":"https:\/\/notinor.com\/jujuy\/wp-json\/wp\/v2\/users\/5"}],"replies":[{"embeddable":true,"href":"https:\/\/notinor.com\/jujuy\/wp-json\/wp\/v2\/comments?post=175541"}],"version-history":[{"count":2,"href":"https:\/\/notinor.com\/jujuy\/wp-json\/wp\/v2\/posts\/175541\/revisions"}],"predecessor-version":[{"id":175545,"href":"https:\/\/notinor.com\/jujuy\/wp-json\/wp\/v2\/posts\/175541\/revisions\/175545"}],"wp:featuredmedia":[{"embeddable":true,"href":"https:\/\/notinor.com\/jujuy\/wp-json\/wp\/v2\/media\/175543"}],"wp:attachment":[{"href":"https:\/\/notinor.com\/jujuy\/wp-json\/wp\/v2\/media?parent=175541"}],"wp:term":[{"taxonomy":"category","embeddable":true,"href":"https:\/\/notinor.com\/jujuy\/wp-json\/wp\/v2\/categories?post=175541"},{"taxonomy":"post_tag","embeddable":true,"href":"https:\/\/notinor.com\/jujuy\/wp-json\/wp\/v2\/tags?post=175541"}],"curies":[{"name":"wp","href":"https:\/\/api.w.org\/{rel}","templated":true}]}}