{"id":175537,"date":"2018-05-24T15:35:13","date_gmt":"2018-05-24T18:35:13","guid":{"rendered":"http:\/\/notinor.com\/jujuy\/?p=175537"},"modified":"2018-05-24T19:18:02","modified_gmt":"2018-05-24T22:18:02","slug":"el-concejo-deliberante-aprobo-una-readecuacion-tarifaria-para-taxis-comparti","status":"publish","type":"post","link":"https:\/\/notinor.com\/jujuy\/el-concejo-deliberante-aprobo-una-readecuacion-tarifaria-para-taxis-comparti\/","title":{"rendered":"El Concejo Deliberante aprob\u00f3 el aumento de tarifas para Taxis Compartidos"},"content":{"rendered":"<p><img decoding=\"async\" loading=\"lazy\" class=\"alignnone size-medium wp-image-175538\" src=\"http:\/\/notinor.com\/jujuy\/wp-content\/uploads\/2018\/05\/compartidos-611x365.jpg\" alt=\"\" width=\"611\" height=\"365\" srcset=\"https:\/\/notinor.com\/jujuy\/wp-content\/uploads\/2018\/05\/compartidos-611x365.jpg 611w, https:\/\/notinor.com\/jujuy\/wp-content\/uploads\/2018\/05\/compartidos.jpg 740w\" sizes=\"(max-width: 611px) 100vw, 611px\" \/><\/p>\n<p>&nbsp;<\/p>\n<p>Esta ma\u00f1ana sesion\u00f3 el Concejo Deliberante capitalino y se aprob\u00f3 el aumento tarifario para Taxis Compartidos.<\/p>\n<p>Con la nueva tarifa aprobada, este servicio alternativo de transporte de pasajeros pasa de $12 a $15, la tarifa diurna, y de $15 a $20 la nocturna.<\/p>\n<p>Se espera que la readecuaci\u00f3n tarifaria entre vigor en los pr\u00f3ximos 10 d\u00edas h\u00e1biles.<\/p>\n<p>El presidente del Concejo Deliberante, Lisandro Aguiar, consider\u00f3 \u201chab\u00eda pedidos de distintos sectores de taxis, la realidad es que hace m\u00e1s de un a\u00f1o que no hab\u00eda readecuaci\u00f3n tarifaria\u201d.<\/p>\n<p>\"La readecuaci\u00f3n tarifaria est\u00e1 pensada en las 600 personas que viven de esta actividad\" resalt\u00f3 el edil poniendo de manifiesto la realidad de una actividad que sufri\u00f3 varios aumentos en el combustible e insumos de los autom\u00f3viles.<\/p>\n<p>Aguiar tambi\u00e9n justific\u00f3 el aumento teniendo en consideraci\u00f3n la inminente salida de circulaci\u00f3n de los billetes de dos pesos, y la escac\u00e9s de los billetes de esa denominaci\u00f3n que se ha venido advirtiendo desde hac\u00eda tiempo. Para Aguiar, esta readecuaci\u00f3n viene a resolver inconvenientes con el tema del vuelto.<\/p>\n<h3><strong>NO M\u00c1S ESTACIONAMIENTO GRATUITO PARA FUNCIONARIOS MUNICIPALES, PROVINCIALES Y NACIONALES<\/strong><\/h3>\n<p>En esta quinta sesi\u00f3n ordinaria, tambi\u00e9n se estableci\u00f3 la prohibici\u00f3n de emisi\u00f3n de libre estacionamiento para funcionarios p\u00fablicos de cualquier jerarqu\u00eda y de cualquier repartici\u00f3n,.<\/p>\n<p>\"Esto nos parece que es una iniciativa para evitar cualquier situaci\u00f3n de privilegio en este marco, que tanto el vecino com\u00fan, el que trabaja en un supermercado, en el comercio, en la administraci\u00f3n p\u00fablica diariamente y que tiene que pagar el estacionamiento en el casco c\u00e9ntrico, tenga tambi\u00e9n el mismo criterio para los funcionarios del poder Ejecutivo, Legislativo y Judicial\", enfatiz\u00f3 Aguiar<\/p>\n<h3><strong>PROYECTO DE IDONEIDAD PARA INGRESO A LA PLANTA PERMANENTE MUNICIPAL Y DEL CONCEJO<\/strong><\/h3>\n<p>En la sesi\u00f3n, el bloque radical presentpo un proyecto de concurso de idoneidad para considerar el ingreso de personal en planta permanente al Municipio y al Concejo Deliberante.<\/p>\n<p>El proyecto prev\u00e9 que toda vez que se abran vacantes de planta permanente los interesados concursen por el puesto presentandose a un examen de idoneidad y posteriores entrevistas en las que se seleccionar\u00e1 al personal.<\/p>\n<p>El proyecto es tajantemente rechazado por el SEOM en cuanto a la aplicaci\u00f3n del mismo sobre jornalizados y contratados que tienen m\u00e1s de un a\u00f1o de antig\u00fcedad.<\/p>\n<p>Adri\u00e1n Mirkin, del SEOM, aclar\u00f3 que no se oponen al proecto \"si es que se lo aplica hacia adelante, es decir hacia gente que no estuvo ni jornalizada ni contratada, ya que hay unos 600 trabajadores, algunos con m\u00e1ds de 1 a\u00f1os prestando servicios, con items en negro; estos deber\u00eda pasar a planta permanente, y despu\u00e9s si, que apliquen la nueva norma a los nuevos\".<\/p>\n","protected":false},"excerpt":{"rendered":"<p>&nbsp; Esta ma\u00f1ana sesion\u00f3 el Concejo Deliberante capitalino y se aprob\u00f3 el aumento tarifario para Taxis Compartidos. Con la nueva tarifa aprobada, este servicio alternativo de transporte de pasajeros pasa de $12 a $15, la tarifa diurna, y de $15 a $20 la nocturna. Se espera que la readecuaci\u00f3n tarifaria entre vigor en los pr\u00f3ximos [&hellip;]<\/p>\n","protected":false},"author":1,"featured_media":175538,"comment_status":"open","ping_status":"open","sticky":false,"template":"","format":"standard","meta":{"_stopmodifiedupdate":false,"_modified_date":"","inline_featured_image":false,"spay_email":"","jetpack_publicize_message":""},"categories":[2,501],"tags":[],"jetpack_featured_media_url":"https:\/\/notinor.com\/jujuy\/wp-content\/uploads\/2018\/05\/compartidos.jpg","jetpack_publicize_connections":[],"_links":{"self":[{"href":"https:\/\/notinor.com\/jujuy\/wp-json\/wp\/v2\/posts\/175537"}],"collection":[{"href":"https:\/\/notinor.com\/jujuy\/wp-json\/wp\/v2\/posts"}],"about":[{"href":"https:\/\/notinor.com\/jujuy\/wp-json\/wp\/v2\/types\/post"}],"author":[{"embeddable":true,"href":"https:\/\/notinor.com\/jujuy\/wp-json\/wp\/v2\/users\/1"}],"replies":[{"embeddable":true,"href":"https:\/\/notinor.com\/jujuy\/wp-json\/wp\/v2\/comments?post=175537"}],"version-history":[{"count":5,"href":"https:\/\/notinor.com\/jujuy\/wp-json\/wp\/v2\/posts\/175537\/revisions"}],"predecessor-version":[{"id":175576,"href":"https:\/\/notinor.com\/jujuy\/wp-json\/wp\/v2\/posts\/175537\/revisions\/175576"}],"wp:featuredmedia":[{"embeddable":true,"href":"https:\/\/notinor.com\/jujuy\/wp-json\/wp\/v2\/media\/175538"}],"wp:attachment":[{"href":"https:\/\/notinor.com\/jujuy\/wp-json\/wp\/v2\/media?parent=175537"}],"wp:term":[{"taxonomy":"category","embeddable":true,"href":"https:\/\/notinor.com\/jujuy\/wp-json\/wp\/v2\/categories?post=175537"},{"taxonomy":"post_tag","embeddable":true,"href":"https:\/\/notinor.com\/jujuy\/wp-json\/wp\/v2\/tags?post=175537"}],"curies":[{"name":"wp","href":"https:\/\/api.w.org\/{rel}","templated":true}]}}