{"id":175531,"date":"2018-05-24T15:21:13","date_gmt":"2018-05-24T18:21:13","guid":{"rendered":"http:\/\/notinor.com\/jujuy\/?p=175531"},"modified":"2018-05-24T15:21:13","modified_gmt":"2018-05-24T18:21:13","slug":"la-defensa-de-fellner-quiere-destituir-al-fiscal-cussel","status":"publish","type":"post","link":"https:\/\/notinor.com\/jujuy\/la-defensa-de-fellner-quiere-destituir-al-fiscal-cussel\/","title":{"rendered":"La defensa de Fellner quiere destituir al fiscal Cussel"},"content":{"rendered":"<p><img decoding=\"async\" loading=\"lazy\" class=\"alignnone size-medium wp-image-168909\" src=\"http:\/\/notinor.com\/jujuy\/wp-content\/uploads\/2018\/04\/fellner-detenio-531x365.jpg\" alt=\"\" width=\"531\" height=\"365\" srcset=\"https:\/\/notinor.com\/jujuy\/wp-content\/uploads\/2018\/04\/fellner-detenio-531x365.jpg 531w, https:\/\/notinor.com\/jujuy\/wp-content\/uploads\/2018\/04\/fellner-detenio-699x480.jpg 699w, https:\/\/notinor.com\/jujuy\/wp-content\/uploads\/2018\/04\/fellner-detenio.jpg 728w\" sizes=\"(max-width: 531px) 100vw, 531px\" \/><\/p>\n<p>Seg\u00fan consta en el escrito, la defensa funda el pedido en que el fiscal \u201ccon su actuaci\u00f3n, ha vulnerado por completo sus obligaciones\u201d, considerando que \u201cprocedi\u00f3 indebidamente en las diferentes instancias de la causa\u201d.<\/p>\n<p>Son varios los puntos enumerados, en este sentido, por la defensa.<\/p>\n<p>Por un lado se\u00f1alaron que en cada pedido de detenci\u00f3n librado en contra de Eduardo Fellner, el fiscal habr\u00eda incluido \"falsedades e informaci\u00f3n inexacta e incompleta\".<\/p>\n<p>Luego cuestionaron que la investigaci\u00f3n solo est\u00e9 centrada en el per\u00edodo de mandato del ex gobernador sin tener en cuenta los per\u00edodos cuando se fueron ejecutando los planes de viviendas sociales.<\/p>\n<p>Tambi\u00e9n indicaron que el fiscal no profundiz\u00f3 la investigaci\u00f3n sobre supuestoa autores materiales citados por Fiscal\u00eda de Estado.<\/p>\n<p>Asimismo hacen menci\u00f3n del episodio bochornoso protagonizado por el fiscal Cussel y la fiscal Fern\u00e1ndez de Montiel, cuando se retiraron en momentos en que el ex gobernador prestaba declaraci\u00f3n indagatoria.<\/p>\n<p>Para la defensa de Eduardo Fellner se percibe cierto ensa\u00f1amiento del fiscal Cussel en contra del ex gobernador. En este sentido citaron las amenazas de solicitar la nulidad de la audiencia, que hab\u00eda permitido el juez que contin\u00fae sin la lectura de la imputaci\u00f3n, y de una eventual solicitud de prisi\u00f3n preventiva que pronunci\u00f3 el fiscal.<\/p>\n<p>\"El proceder del fiscal no s\u00f3lo lo perjudic\u00f3 a Eduardo Fellner sino que obstaculiz\u00f3 la Justicia\", expresaron los abogados del ex gobernador imputado en la Megacausa.<\/p>\n<p>A todas las supuestas falsedades que esgrimi\u00f3 la Fiscal\u00eda, dijeron desde la defensa de Eduardo Fellner, el ex gobernador las contest\u00f3 a todas y cada una, refut\u00e1ndolas y siempre estando a derecho y a disposici\u00f3n de la Justicia.<\/p>\n","protected":false},"excerpt":{"rendered":"<p>Seg\u00fan consta en el escrito, la defensa funda el pedido en que el fiscal \u201ccon su actuaci\u00f3n, ha vulnerado por completo sus obligaciones\u201d, considerando que \u201cprocedi\u00f3 indebidamente en las diferentes instancias de la causa\u201d. Son varios los puntos enumerados, en este sentido, por la defensa. Por un lado se\u00f1alaron que en cada pedido de detenci\u00f3n [&hellip;]<\/p>\n","protected":false},"author":1,"featured_media":168909,"comment_status":"open","ping_status":"open","sticky":false,"template":"","format":"standard","meta":{"_stopmodifiedupdate":false,"_modified_date":"","inline_featured_image":false,"spay_email":"","jetpack_publicize_message":""},"categories":[2,501],"tags":[],"jetpack_featured_media_url":"https:\/\/notinor.com\/jujuy\/wp-content\/uploads\/2018\/04\/fellner-detenio.jpg","jetpack_publicize_connections":[],"_links":{"self":[{"href":"https:\/\/notinor.com\/jujuy\/wp-json\/wp\/v2\/posts\/175531"}],"collection":[{"href":"https:\/\/notinor.com\/jujuy\/wp-json\/wp\/v2\/posts"}],"about":[{"href":"https:\/\/notinor.com\/jujuy\/wp-json\/wp\/v2\/types\/post"}],"author":[{"embeddable":true,"href":"https:\/\/notinor.com\/jujuy\/wp-json\/wp\/v2\/users\/1"}],"replies":[{"embeddable":true,"href":"https:\/\/notinor.com\/jujuy\/wp-json\/wp\/v2\/comments?post=175531"}],"version-history":[{"count":1,"href":"https:\/\/notinor.com\/jujuy\/wp-json\/wp\/v2\/posts\/175531\/revisions"}],"predecessor-version":[{"id":175532,"href":"https:\/\/notinor.com\/jujuy\/wp-json\/wp\/v2\/posts\/175531\/revisions\/175532"}],"wp:featuredmedia":[{"embeddable":true,"href":"https:\/\/notinor.com\/jujuy\/wp-json\/wp\/v2\/media\/168909"}],"wp:attachment":[{"href":"https:\/\/notinor.com\/jujuy\/wp-json\/wp\/v2\/media?parent=175531"}],"wp:term":[{"taxonomy":"category","embeddable":true,"href":"https:\/\/notinor.com\/jujuy\/wp-json\/wp\/v2\/categories?post=175531"},{"taxonomy":"post_tag","embeddable":true,"href":"https:\/\/notinor.com\/jujuy\/wp-json\/wp\/v2\/tags?post=175531"}],"curies":[{"name":"wp","href":"https:\/\/api.w.org\/{rel}","templated":true}]}}