{"id":175509,"date":"2018-05-24T11:16:05","date_gmt":"2018-05-24T14:16:05","guid":{"rendered":"http:\/\/notinor.com\/jujuy\/?p=175509"},"modified":"2018-05-24T11:16:05","modified_gmt":"2018-05-24T14:16:05","slug":"recomendaciones-del-ministerio-de-salud-para-quienes-viajen-al-mundial-de-futbol","status":"publish","type":"post","link":"https:\/\/notinor.com\/jujuy\/recomendaciones-del-ministerio-de-salud-para-quienes-viajen-al-mundial-de-futbol\/","title":{"rendered":"Recomendaciones del Ministerio de Salud para quienes viajen al Mundial de F\u00fatbol"},"content":{"rendered":"<p>Si bien contar con la vacuna no es un requisito que se solicita para ingresar a Rusia, es fundamental para que el virus no vuelva a circular en Argentina y as\u00ed poder proteger a las personas que no pueden recibirla. En el pa\u00eds desde el a\u00f1o 2000 no se registran casos aut\u00f3ctonos pero debido a la alta circulaci\u00f3n del virus en otras regiones, se han reportado casos importados. El mayor brote fue en el a\u00f1o 2010, luego del Mundial de F\u00fatbol de Sud\u00e1frica, con 17 casos diagnosticados.<\/p>\n<p>Dada la circulaci\u00f3n del virus en Europa y la asistencia de personas de distintos pa\u00edses al campeonato, la vacuna es la principal medida de protecci\u00f3n. En Europa en 2017 m\u00e1s de 21.000 personas contrajeron la enfermedad y 35 murieron. El 72 por ciento de los casos fueron notificados por Italia, Rumania y Ucrania. En el transcurso de este a\u00f1o, la situaci\u00f3n dista de estar controlada tanto en Europa como en otras regiones del mundo, como en Am\u00e9rica.<\/p>\n<p>Para estar protegidos del sarampi\u00f3n los ni\u00f1os de 12 meses a 4 a\u00f1os deben acreditar una dosis de vacuna triple viral (sarampi\u00f3n-rub\u00e9ola- paperas) mientras que los mayores de 5 a\u00f1os, adolescentes y adultos deben tener dos dosis de vacuna doble o triple viral que se haya aplicado despu\u00e9s del primer a\u00f1o de vida. Las personas que nacieron antes de 1965 no necesitan vacunarse porque son considerados inmunes.<\/p>\n<p>Es importante se\u00f1alar que la cartera sanitaria recomienda a los adultos a cargo evaluar seriamente el riesgo de viajar con ni\u00f1os entre 6 y 11 meses de vida inclusive y consultar a un especialista en medicina del viajero en virtud de la alta circulaci\u00f3n del virus en el mundo. Para este grupo la decisi\u00f3n de vacunaci\u00f3n con una dosis de vacuna triple viral deber\u00e1 estar acompa\u00f1ada de una indicaci\u00f3n m\u00e9dica y tener en cuenta que en ese rango etario la capacidad de la vacuna de generar respuesta inmune es menor. Adem\u00e1s, para los ni\u00f1os menores de 6 meses de vida la vacuna triple viral est\u00e1 contraindicada.<\/p>\n<p>Cabe aclarar que esta dosis es adicional y no debe ser tenida en cuenta como esquema de vacunaci\u00f3n regular, por lo que los ni\u00f1os que la reciban deber\u00e1n iniciar el esquema regular al cumplir el a\u00f1o de vida seg\u00fan lo estipulado en el Calendario Nacional de Vacunaci\u00f3n. Asimismo, la dosis no est\u00e1 contemplada en el calendario y por lo tanto no es suministrada por el Ministerio de Salud de la Naci\u00f3n con esta finalidad.<\/p>\n<p>Si al regreso del viaje aparecen s\u00edntomas como fiebre y erupci\u00f3n cut\u00e1nea se debe consultar r\u00e1pidamente a un m\u00e9dico.<\/p>\n<p>Otras vacunas recomendadas:<\/p>\n<p>Tambi\u00e9n se aconseja la vacuna contra la gripe para las personas incluidas dentro de los grupos de riesgo de presentar complicaciones como: mayores de 65 a\u00f1os; los ni\u00f1os de 6 a 24 meses (dos dosis separadas por al menos 4 semanas); embarazadas en cualquier trimestre de la gestaci\u00f3n y personas entre 2 y 64 a\u00f1os con enfermedades cr\u00f3nicas como respiratorias, card\u00edacas, inmunodepresi\u00f3n, obesidad, diabetes o enfermedad renal, entre otras.<\/p>\n<p>Adem\u00e1s se recomienda la vacuna contra el neumococo a las personas con enfermedades cr\u00f3nicas y mayores de 65 a\u00f1os.<\/p>\n<p>Para consultar el Calendario Nacional de Vacunaci\u00f3n: https:\/\/www.argentina.gob.ar\/salud\/inmunoprevenibles\/calendario<\/p>\n<p>Para m\u00e1s informaci\u00f3n sobre salud del viajero: https:\/\/www.argentina.gob.ar\/salud\/viajeros<\/p>\n<p>&nbsp;<\/p>\n","protected":false},"excerpt":{"rendered":"<p>Si bien contar con la vacuna no es un requisito que se solicita para ingresar a Rusia, es fundamental para que el virus no vuelva a circular en Argentina y as\u00ed poder proteger a las personas que no pueden recibirla. En el pa\u00eds desde el a\u00f1o 2000 no se registran casos aut\u00f3ctonos pero debido a [&hellip;]<\/p>\n","protected":false},"author":5,"featured_media":175510,"comment_status":"open","ping_status":"open","sticky":false,"template":"","format":"standard","meta":{"_stopmodifiedupdate":false,"_modified_date":"","inline_featured_image":false,"spay_email":"","jetpack_publicize_message":""},"categories":[13],"tags":[],"jetpack_featured_media_url":"https:\/\/notinor.com\/jujuy\/wp-content\/uploads\/2018\/05\/RUSIA-2018.png","jetpack_publicize_connections":[],"_links":{"self":[{"href":"https:\/\/notinor.com\/jujuy\/wp-json\/wp\/v2\/posts\/175509"}],"collection":[{"href":"https:\/\/notinor.com\/jujuy\/wp-json\/wp\/v2\/posts"}],"about":[{"href":"https:\/\/notinor.com\/jujuy\/wp-json\/wp\/v2\/types\/post"}],"author":[{"embeddable":true,"href":"https:\/\/notinor.com\/jujuy\/wp-json\/wp\/v2\/users\/5"}],"replies":[{"embeddable":true,"href":"https:\/\/notinor.com\/jujuy\/wp-json\/wp\/v2\/comments?post=175509"}],"version-history":[{"count":1,"href":"https:\/\/notinor.com\/jujuy\/wp-json\/wp\/v2\/posts\/175509\/revisions"}],"predecessor-version":[{"id":175512,"href":"https:\/\/notinor.com\/jujuy\/wp-json\/wp\/v2\/posts\/175509\/revisions\/175512"}],"wp:featuredmedia":[{"embeddable":true,"href":"https:\/\/notinor.com\/jujuy\/wp-json\/wp\/v2\/media\/175510"}],"wp:attachment":[{"href":"https:\/\/notinor.com\/jujuy\/wp-json\/wp\/v2\/media?parent=175509"}],"wp:term":[{"taxonomy":"category","embeddable":true,"href":"https:\/\/notinor.com\/jujuy\/wp-json\/wp\/v2\/categories?post=175509"},{"taxonomy":"post_tag","embeddable":true,"href":"https:\/\/notinor.com\/jujuy\/wp-json\/wp\/v2\/tags?post=175509"}],"curies":[{"name":"wp","href":"https:\/\/api.w.org\/{rel}","templated":true}]}}