{"id":175505,"date":"2018-05-24T10:50:41","date_gmt":"2018-05-24T13:50:41","guid":{"rendered":"http:\/\/notinor.com\/jujuy\/?p=175505"},"modified":"2018-05-24T10:51:27","modified_gmt":"2018-05-24T13:51:27","slug":"tilcara-tendra-una-unidad-de-defensa-civil","status":"publish","type":"post","link":"https:\/\/notinor.com\/jujuy\/tilcara-tendra-una-unidad-de-defensa-civil\/","title":{"rendered":"Tilcara tendr\u00e1 una Unidad de Defensa Civil"},"content":{"rendered":"<p><img decoding=\"async\" loading=\"lazy\" class=\"size-medium wp-image-175507 aligncenter\" src=\"http:\/\/notinor.com\/jujuy\/wp-content\/uploads\/2018\/05\/TILCARA-DEFENSA-548x365.jpg\" alt=\"\" width=\"548\" height=\"365\" srcset=\"https:\/\/notinor.com\/jujuy\/wp-content\/uploads\/2018\/05\/TILCARA-DEFENSA-548x365.jpg 548w, https:\/\/notinor.com\/jujuy\/wp-content\/uploads\/2018\/05\/TILCARA-DEFENSA-720x480.jpg 720w, https:\/\/notinor.com\/jujuy\/wp-content\/uploads\/2018\/05\/TILCARA-DEFENSA.jpg 750w, https:\/\/notinor.com\/jujuy\/wp-content\/uploads\/2018\/05\/TILCARA-DEFENSA-400x266.jpg 400w\" sizes=\"(max-width: 548px) 100vw, 548px\" \/><\/p>\n<p>\"La descentralizaci\u00f3n de la Justicia es la puerta que nos lleva a atender a los vulnerables, a quienes necesitan justicia y est\u00e1n lejos de los centros urbanos\", explic\u00f3 la presidente del Superior Tribunal de Justicia, Dra. Clara Aurora De Langhe de Falcone.<\/p>\n<p>El vicegobernador a cargo del Ejecutivo, C.P.N. Carlos Haquim, encabez\u00f3 el acto que se desarroll\u00f3 en el Hotel de Turismo de Tilcara. All\u00ed se encontraban representantes de los tres poderes del Estado: el intendente de la localidad, Ricardo Romero, la defensora general del ministerio p\u00fablico de la defensa civil, Dra. Susana Traillou; y la defensora regional de Humahuaca, Dra. Lidia Galindo Blaha.<\/p>\n<p>Al respecto, Haquim explic\u00f3 que esto forma parte de un esquema que viene sosteniendo el gobierno desde el inicio de la gesti\u00f3n: \" tratamos de hacer realidad una Provincia federal, abriendo los espacios y tratando de llevarle soluciones a la gente del interior. La posibilidad de tener una sede en el centro de Tilcara hace que el Estado est\u00e9 m\u00e1s presente y pueda dar respuesta a los problemas de los tilcare\u00f1os\".<\/p>\n<p>La Dra. Clara Aurora De Langhe de Falcone destac\u00f3 que el Intendente de Tilcara tuvo la gentileza de darle al STJ en comodato durante diez a\u00f1os una fracci\u00f3n del hotel para poner en funcionamiento la defensor\u00eda regional, en donde habr\u00e1 una delegaci\u00f3n de violencia de g\u00e9nero y un juzgado multifuero. \"De esta manera las cosas de cuant\u00eda menor no tendr\u00e1n que ir a San Salvador y los casos de violencia de g\u00e9nero se resolver\u00e1n en la localidad ya que por decreto de presidencia decid\u00ed enviar tres veces a la semana expertas, una psic\u00f3loga, y una vez al mes a la jueza de violencia de g\u00e9nero a tratar las cuestiones de urgencia\".<\/p>\n<p>Por su parte, Haquim afirm\u00f3: \"somos unos convencidos de que sin justicia la Provincia no tiene posibilidades de nada. Hemos logrado, a partir de una justicia que funciona, la paz social. Esta paz lograda por todos los juje\u00f1os es el cambio m\u00e1s profundo que debemos conservar, en un marco de razonamiento. Es m\u00e1s f\u00e1cil cuando todos vamos juntos detr\u00e1s de un mismo objetivo\".<\/p>\n<p>Para concluir, la Presidente del STJ enfatiz\u00f3 que quiere lograr una justicia moderna que llegue lo m\u00e1s r\u00e1pido posible a la sociedad. \"Que la Justicia llegue al ciudadano y \u00e9l crea en ella, que no quiera solucionar la vulnerabilidad de los derechos por mano propia\", finaliz\u00f3.<\/p>\n<p>Cabe destacar que el Padro Miguel de la Parroquia Nuestra Se\u00f1ora del Rosario de Tilcara bendijo el lugar, las tareas y a quienes desempe\u00f1ar\u00e1n funciones all\u00ed.<\/p>\n<p>&nbsp;<\/p>\n<p>&nbsp;<\/p>\n","protected":false},"excerpt":{"rendered":"<p>\"La descentralizaci\u00f3n de la Justicia es la puerta que nos lleva a atender a los vulnerables, a quienes necesitan justicia y est\u00e1n lejos de los centros urbanos\", explic\u00f3 la presidente del Superior Tribunal de Justicia, Dra. Clara Aurora De Langhe de Falcone. El vicegobernador a cargo del Ejecutivo, C.P.N. Carlos Haquim, encabez\u00f3 el acto que [&hellip;]<\/p>\n","protected":false},"author":5,"featured_media":175506,"comment_status":"open","ping_status":"open","sticky":false,"template":"","format":"standard","meta":{"_stopmodifiedupdate":false,"_modified_date":"","inline_featured_image":false,"spay_email":"","jetpack_publicize_message":""},"categories":[4],"tags":[],"jetpack_featured_media_url":"https:\/\/notinor.com\/jujuy\/wp-content\/uploads\/2018\/05\/TILCARA-DEFENSA1.jpg","jetpack_publicize_connections":[],"_links":{"self":[{"href":"https:\/\/notinor.com\/jujuy\/wp-json\/wp\/v2\/posts\/175505"}],"collection":[{"href":"https:\/\/notinor.com\/jujuy\/wp-json\/wp\/v2\/posts"}],"about":[{"href":"https:\/\/notinor.com\/jujuy\/wp-json\/wp\/v2\/types\/post"}],"author":[{"embeddable":true,"href":"https:\/\/notinor.com\/jujuy\/wp-json\/wp\/v2\/users\/5"}],"replies":[{"embeddable":true,"href":"https:\/\/notinor.com\/jujuy\/wp-json\/wp\/v2\/comments?post=175505"}],"version-history":[{"count":1,"href":"https:\/\/notinor.com\/jujuy\/wp-json\/wp\/v2\/posts\/175505\/revisions"}],"predecessor-version":[{"id":175508,"href":"https:\/\/notinor.com\/jujuy\/wp-json\/wp\/v2\/posts\/175505\/revisions\/175508"}],"wp:featuredmedia":[{"embeddable":true,"href":"https:\/\/notinor.com\/jujuy\/wp-json\/wp\/v2\/media\/175506"}],"wp:attachment":[{"href":"https:\/\/notinor.com\/jujuy\/wp-json\/wp\/v2\/media?parent=175505"}],"wp:term":[{"taxonomy":"category","embeddable":true,"href":"https:\/\/notinor.com\/jujuy\/wp-json\/wp\/v2\/categories?post=175505"},{"taxonomy":"post_tag","embeddable":true,"href":"https:\/\/notinor.com\/jujuy\/wp-json\/wp\/v2\/tags?post=175505"}],"curies":[{"name":"wp","href":"https:\/\/api.w.org\/{rel}","templated":true}]}}