{"id":175487,"date":"2018-05-24T09:42:40","date_gmt":"2018-05-24T12:42:40","guid":{"rendered":"http:\/\/notinor.com\/jujuy\/?p=175487"},"modified":"2018-05-24T09:42:40","modified_gmt":"2018-05-24T12:42:40","slug":"romero-delia","status":"publish","type":"post","link":"https:\/\/notinor.com\/jujuy\/romero-delia\/","title":{"rendered":"ROMERO, Delia"},"content":{"rendered":"<p>Falleci\u00f3 el d\u00eda 23 de mayo de 2018 . Sus hijos: Ester, Jes\u00fas, Leonor, Hugo, Carlos, Teresa, Ren\u00e9, sus nietos, sus bisnietos y dem\u00e1s familiares participan con profundo dolor su fallecimiento. Comunican que sus restos ser\u00e1n inhumados hoy 24 de mayo a hs. 11:00, en el cementerio municipal de L.G.S.M. Casa de duelo Victoria 32. Ceremonial, tanatopraxia y honras f\u00fanebres Servicios Sociales Instituto del Norte SA. calle Victoria 501 B\u00b0 Centro- L.G.S.M. Tel.03886- 424661.<\/p>\n","protected":false},"excerpt":{"rendered":"<p>Falleci\u00f3 el d\u00eda 23 de mayo de 2018 . Sus hijos: Ester, Jes\u00fas, Leonor, Hugo, Carlos, Teresa, Ren\u00e9, sus nietos, sus bisnietos y dem\u00e1s familiares participan con profundo dolor su fallecimiento. Comunican que sus restos ser\u00e1n inhumados hoy 24 de mayo a hs. 11:00, en el cementerio municipal de L.G.S.M. Casa de duelo Victoria 32. [&hellip;]<\/p>\n","protected":false},"author":5,"featured_media":130005,"comment_status":"open","ping_status":"open","sticky":false,"template":"","format":"standard","meta":{"_stopmodifiedupdate":false,"_modified_date":"","inline_featured_image":false,"spay_email":"","jetpack_publicize_message":""},"categories":[523],"tags":[],"jetpack_featured_media_url":"https:\/\/notinor.com\/jujuy\/wp-content\/uploads\/2017\/08\/Obituarios-1.jpg","jetpack_publicize_connections":[],"_links":{"self":[{"href":"https:\/\/notinor.com\/jujuy\/wp-json\/wp\/v2\/posts\/175487"}],"collection":[{"href":"https:\/\/notinor.com\/jujuy\/wp-json\/wp\/v2\/posts"}],"about":[{"href":"https:\/\/notinor.com\/jujuy\/wp-json\/wp\/v2\/types\/post"}],"author":[{"embeddable":true,"href":"https:\/\/notinor.com\/jujuy\/wp-json\/wp\/v2\/users\/5"}],"replies":[{"embeddable":true,"href":"https:\/\/notinor.com\/jujuy\/wp-json\/wp\/v2\/comments?post=175487"}],"version-history":[{"count":1,"href":"https:\/\/notinor.com\/jujuy\/wp-json\/wp\/v2\/posts\/175487\/revisions"}],"predecessor-version":[{"id":175490,"href":"https:\/\/notinor.com\/jujuy\/wp-json\/wp\/v2\/posts\/175487\/revisions\/175490"}],"wp:featuredmedia":[{"embeddable":true,"href":"https:\/\/notinor.com\/jujuy\/wp-json\/wp\/v2\/media\/130005"}],"wp:attachment":[{"href":"https:\/\/notinor.com\/jujuy\/wp-json\/wp\/v2\/media?parent=175487"}],"wp:term":[{"taxonomy":"category","embeddable":true,"href":"https:\/\/notinor.com\/jujuy\/wp-json\/wp\/v2\/categories?post=175487"},{"taxonomy":"post_tag","embeddable":true,"href":"https:\/\/notinor.com\/jujuy\/wp-json\/wp\/v2\/tags?post=175487"}],"curies":[{"name":"wp","href":"https:\/\/api.w.org\/{rel}","templated":true}]}}