{"id":175479,"date":"2018-05-24T09:39:33","date_gmt":"2018-05-24T12:39:33","guid":{"rendered":"http:\/\/notinor.com\/jujuy\/?p=175479"},"modified":"2018-05-24T09:39:33","modified_gmt":"2018-05-24T12:39:33","slug":"rojas-de-mamani-mercedes","status":"publish","type":"post","link":"https:\/\/notinor.com\/jujuy\/rojas-de-mamani-mercedes\/","title":{"rendered":"ROJAS DE MAMANI, Mercedes"},"content":{"rendered":"<p>Falleci\u00f3 el d\u00eda 22 de mayo de 2018, a hs. 19:20. C.A.S.R. y B.P. a la edad de 67 a\u00f1os. Su esposo: Regino Mamani, sus hijos: Silvia, H\u00e9ctor, Orlando, Wilfredo, Zulma y Silvina, sus hijos pol\u00edticos: Gabriel, Normando y Ricardo, sus nietos: Marlene, Mariano, Leila, Lujan, Gianina, Nicole, Fiamma, Alison, Jocelyn, Abigail y Raul, sus hermanas: Brigida, M\u00f3nica, Cristina y Gladys Rojas, sus hermanos pol\u00edticos: Froil\u00e1n, Rocha y Chela, sus primos, sus sobrinos y dem\u00e1s familiares participan con profundo dolor su fallecimiento e invitan a sus amistades y dem\u00e1s personas piadosas al sepelio de sus restos hoy 24 de mayo a hs. 10:00, en el cementerio de la localidad de Humahuaca, Jujuy. FAE. Casa de duelo Francisco Pastor (Centro Vecinal 23 de Agosto), Humahuaca, Jujuy. Ritual de homenaje empresa La Piedad SA. Salta 727, Jujuy. Tel.0388-4222487, l\u00ednea gratuita 0800-444-5274.<\/p>\n","protected":false},"excerpt":{"rendered":"<p>Falleci\u00f3 el d\u00eda 22 de mayo de 2018, a hs. 19:20. C.A.S.R. y B.P. a la edad de 67 a\u00f1os. Su esposo: Regino Mamani, sus hijos: Silvia, H\u00e9ctor, Orlando, Wilfredo, Zulma y Silvina, sus hijos pol\u00edticos: Gabriel, Normando y Ricardo, sus nietos: Marlene, Mariano, Leila, Lujan, Gianina, Nicole, Fiamma, Alison, Jocelyn, Abigail y Raul, sus [&hellip;]<\/p>\n","protected":false},"author":5,"featured_media":130005,"comment_status":"open","ping_status":"open","sticky":false,"template":"","format":"standard","meta":{"_stopmodifiedupdate":false,"_modified_date":"","inline_featured_image":false,"spay_email":"","jetpack_publicize_message":""},"categories":[523],"tags":[],"jetpack_featured_media_url":"https:\/\/notinor.com\/jujuy\/wp-content\/uploads\/2017\/08\/Obituarios-1.jpg","jetpack_publicize_connections":[],"_links":{"self":[{"href":"https:\/\/notinor.com\/jujuy\/wp-json\/wp\/v2\/posts\/175479"}],"collection":[{"href":"https:\/\/notinor.com\/jujuy\/wp-json\/wp\/v2\/posts"}],"about":[{"href":"https:\/\/notinor.com\/jujuy\/wp-json\/wp\/v2\/types\/post"}],"author":[{"embeddable":true,"href":"https:\/\/notinor.com\/jujuy\/wp-json\/wp\/v2\/users\/5"}],"replies":[{"embeddable":true,"href":"https:\/\/notinor.com\/jujuy\/wp-json\/wp\/v2\/comments?post=175479"}],"version-history":[{"count":1,"href":"https:\/\/notinor.com\/jujuy\/wp-json\/wp\/v2\/posts\/175479\/revisions"}],"predecessor-version":[{"id":175485,"href":"https:\/\/notinor.com\/jujuy\/wp-json\/wp\/v2\/posts\/175479\/revisions\/175485"}],"wp:featuredmedia":[{"embeddable":true,"href":"https:\/\/notinor.com\/jujuy\/wp-json\/wp\/v2\/media\/130005"}],"wp:attachment":[{"href":"https:\/\/notinor.com\/jujuy\/wp-json\/wp\/v2\/media?parent=175479"}],"wp:term":[{"taxonomy":"category","embeddable":true,"href":"https:\/\/notinor.com\/jujuy\/wp-json\/wp\/v2\/categories?post=175479"},{"taxonomy":"post_tag","embeddable":true,"href":"https:\/\/notinor.com\/jujuy\/wp-json\/wp\/v2\/tags?post=175479"}],"curies":[{"name":"wp","href":"https:\/\/api.w.org\/{rel}","templated":true}]}}