{"id":17523,"date":"2015-02-25T04:11:35","date_gmt":"2015-02-25T07:11:35","guid":{"rendered":"http:\/\/notinor.com\/jujuy\/?p=17523"},"modified":"2015-02-25T04:11:35","modified_gmt":"2015-02-25T07:11:35","slug":"continuan-los-corsos-en-libertador-general-san-martin","status":"publish","type":"post","link":"https:\/\/notinor.com\/jujuy\/continuan-los-corsos-en-libertador-general-san-martin\/","title":{"rendered":"Contin\u00faan los Corsos en Libertador General San Martin"},"content":{"rendered":"<p>Los mismos se llevaron a cabo sobre Avda. \u00a0Presidente Per\u00f3n desde la Avda. \u00a01 de agosto hasta la Avda. Rep\u00fablica de Siria.<\/p>\n<p>Debido a la suspensi\u00f3n de las fechas de corsos de los d\u00edas 21 y 22 por lluvias estas se van a recuperar hoy y ma\u00f1ana en Avda. \u00a0Presidente Per\u00f3n,\u00a0 para continuar luego con el programa preestablecido en donde las fechas del 27 y 28 est\u00e1n previstas desarrollarse en el circuito de plaza central.<\/p>\n<p><a href=\"http:\/\/notinor.com\/jujuy\/wp-content\/uploads\/2015\/02\/DSC01068.jpg\"><img decoding=\"async\" loading=\"lazy\" class=\"alignnone size-full wp-image-17524\" src=\"http:\/\/notinor.com\/jujuy\/wp-content\/uploads\/2015\/02\/DSC01068.jpg\" alt=\"DSC01068\" width=\"900\" height=\"675\" srcset=\"https:\/\/notinor.com\/jujuy\/wp-content\/uploads\/2015\/02\/DSC01068.jpg 900w, https:\/\/notinor.com\/jujuy\/wp-content\/uploads\/2015\/02\/DSC01068-300x225.jpg 300w\" sizes=\"(max-width: 900px) 100vw, 900px\" \/><\/a> <a href=\"http:\/\/notinor.com\/jujuy\/wp-content\/uploads\/2015\/02\/DSC01058.jpg\"><img decoding=\"async\" loading=\"lazy\" class=\"alignnone size-full wp-image-17525\" src=\"http:\/\/notinor.com\/jujuy\/wp-content\/uploads\/2015\/02\/DSC01058.jpg\" alt=\"DSC01058\" width=\"900\" height=\"675\" srcset=\"https:\/\/notinor.com\/jujuy\/wp-content\/uploads\/2015\/02\/DSC01058.jpg 900w, https:\/\/notinor.com\/jujuy\/wp-content\/uploads\/2015\/02\/DSC01058-300x225.jpg 300w\" sizes=\"(max-width: 900px) 100vw, 900px\" \/><\/a><\/p>\n","protected":false},"excerpt":{"rendered":"<p>Los mismos se llevaron a cabo sobre Avda. \u00a0Presidente Per\u00f3n desde la Avda. \u00a01 de agosto hasta la Avda. Rep\u00fablica de Siria. Debido a la suspensi\u00f3n de las fechas de corsos de los d\u00edas 21 y 22 por lluvias estas se van a recuperar hoy y ma\u00f1ana en Avda. \u00a0Presidente Per\u00f3n,\u00a0 para continuar luego con [&hellip;]<\/p>\n","protected":false},"author":1,"featured_media":17525,"comment_status":"open","ping_status":"open","sticky":false,"template":"","format":"standard","meta":{"_stopmodifiedupdate":false,"_modified_date":"","inline_featured_image":false,"spay_email":"","jetpack_publicize_message":""},"categories":[21],"tags":[],"jetpack_featured_media_url":"https:\/\/notinor.com\/jujuy\/wp-content\/uploads\/2015\/02\/DSC01058.jpg","jetpack_publicize_connections":[],"_links":{"self":[{"href":"https:\/\/notinor.com\/jujuy\/wp-json\/wp\/v2\/posts\/17523"}],"collection":[{"href":"https:\/\/notinor.com\/jujuy\/wp-json\/wp\/v2\/posts"}],"about":[{"href":"https:\/\/notinor.com\/jujuy\/wp-json\/wp\/v2\/types\/post"}],"author":[{"embeddable":true,"href":"https:\/\/notinor.com\/jujuy\/wp-json\/wp\/v2\/users\/1"}],"replies":[{"embeddable":true,"href":"https:\/\/notinor.com\/jujuy\/wp-json\/wp\/v2\/comments?post=17523"}],"version-history":[{"count":1,"href":"https:\/\/notinor.com\/jujuy\/wp-json\/wp\/v2\/posts\/17523\/revisions"}],"predecessor-version":[{"id":17526,"href":"https:\/\/notinor.com\/jujuy\/wp-json\/wp\/v2\/posts\/17523\/revisions\/17526"}],"wp:featuredmedia":[{"embeddable":true,"href":"https:\/\/notinor.com\/jujuy\/wp-json\/wp\/v2\/media\/17525"}],"wp:attachment":[{"href":"https:\/\/notinor.com\/jujuy\/wp-json\/wp\/v2\/media?parent=17523"}],"wp:term":[{"taxonomy":"category","embeddable":true,"href":"https:\/\/notinor.com\/jujuy\/wp-json\/wp\/v2\/categories?post=17523"},{"taxonomy":"post_tag","embeddable":true,"href":"https:\/\/notinor.com\/jujuy\/wp-json\/wp\/v2\/tags?post=17523"}],"curies":[{"name":"wp","href":"https:\/\/api.w.org\/{rel}","templated":true}]}}