{"id":17508,"date":"2015-02-25T00:39:36","date_gmt":"2015-02-25T03:39:36","guid":{"rendered":"http:\/\/notinor.com\/jujuy\/?p=17508"},"modified":"2015-02-25T00:39:36","modified_gmt":"2015-02-25T03:39:36","slug":"desnutricion-infantil-conocer-para-poder-prevenir","status":"publish","type":"post","link":"https:\/\/notinor.com\/jujuy\/desnutricion-infantil-conocer-para-poder-prevenir\/","title":{"rendered":"Desnutrici\u00f3n infantil: conocer para poder prevenir"},"content":{"rendered":"<p>La informaci\u00f3n con que hoy se cuenta -provista por el Ministerio a instancias de lo que env\u00edan las distintas provincias- no consta de datos desagregados; se plantea la desnutrici\u00f3n infantil como un n\u00famero total, global, pero no sabemos cu\u00e1ntos ni\u00f1os afectados puede haber en un lugar u otro.<\/p>\n<p>En consecuencia, se solicit\u00f3 a la Direcci\u00f3n de Estad\u00edsticas e Informaci\u00f3n de Salud (DEIS) y a la Direcci\u00f3n Nacional de Maternidad e Infancia \u2013ambas dependencias pertenecientes al Ministerio de Salud de la Naci\u00f3n- la elaboraci\u00f3n de una serie de informes con el prop\u00f3sito de conocer cu\u00e1les son los datos actuales disponibles sobre casos de desnutrici\u00f3n y si las provincias aportan informaci\u00f3n al respecto.<\/p>\n<p>El \u00faltimo informe que se hab\u00eda presentado es del a\u00f1o 2013 y se\u00f1alaba que m\u00e1s de la mitad de las muertes infantiles son causadas directa o indirectamente por hambre o desnutrici\u00f3n. Tambi\u00e9n explicaban que los problemas determinantes en la salud infantil son el bajo peso, la desnutrici\u00f3n cr\u00f3nica y la anemia; y que las provincias del NEA y NOA son las que tienen m\u00e1s ni\u00f1os y ni\u00f1as con bajo peso (peso\/edad) y desnutrici\u00f3n cr\u00f3nica (talla\/edad).<\/p>\n<p>En los resultados de estas investigaciones se evidencia la inequidad interprovincial que existe en los indicadores sanitarios y nutricionales. En la Regi\u00f3n de Cuyo predominan los ni\u00f1os con bajo peso as\u00ed como tambi\u00e9n los altos niveles de obesidad; en el NEA predominan los casos de bajo peso y hay una gran cantidad de ni\u00f1os con desnutrici\u00f3n cr\u00f3nica; en el NOA la situaci\u00f3n es similar a la regi\u00f3n anterior; en la Regi\u00f3n Pampeana se mantienen altos niveles de desnutrici\u00f3n cr\u00f3nica y la obesidad es un factor predominante en el Gran Buenos Aires; y la Regi\u00f3n Patag\u00f3nica cuenta con el mayor nivel de obesidad en el pa\u00eds.<\/p>\n<p>Recordemos que la desnutrici\u00f3n no es s\u00f3lo un problema de comida, es un problema multifactorial, como la cuesti\u00f3n de la educaci\u00f3n, del entorno social. Es una enfermedad que genera en los chicos una serie de consecuencias muy desvaliosas como por ejemplo la talla, el desarrollo neuronal, todo lo que hace al crecimiento, al conocimiento, a la posibilidad de estudiar; y es irreversible.<\/p>\n<p>Por eso es menester que las autoridades nacionales y provinciales realicen un detallado estudio de la situaci\u00f3n para as\u00ed poder implementar pol\u00edticas que lleven a la erradicaci\u00f3n de este flagelo. Lo que no conoce no se resuelve.<\/p>\n","protected":false},"excerpt":{"rendered":"<p>La informaci\u00f3n con que hoy se cuenta -provista por el Ministerio a instancias de lo que env\u00edan las distintas provincias- no consta de datos desagregados; se plantea la desnutrici\u00f3n infantil como un n\u00famero total, global, pero no sabemos cu\u00e1ntos ni\u00f1os afectados puede haber en un lugar u otro. En consecuencia, se solicit\u00f3 a la Direcci\u00f3n [&hellip;]<\/p>\n","protected":false},"author":1,"featured_media":17509,"comment_status":"open","ping_status":"open","sticky":false,"template":"","format":"standard","meta":{"_stopmodifiedupdate":false,"_modified_date":"","inline_featured_image":false},"categories":[5],"tags":[],"jetpack_featured_media_url":"https:\/\/notinor.com\/jujuy\/wp-content\/uploads\/2015\/02\/ImageProxy.jpg","_links":{"self":[{"href":"https:\/\/notinor.com\/jujuy\/wp-json\/wp\/v2\/posts\/17508"}],"collection":[{"href":"https:\/\/notinor.com\/jujuy\/wp-json\/wp\/v2\/posts"}],"about":[{"href":"https:\/\/notinor.com\/jujuy\/wp-json\/wp\/v2\/types\/post"}],"author":[{"embeddable":true,"href":"https:\/\/notinor.com\/jujuy\/wp-json\/wp\/v2\/users\/1"}],"replies":[{"embeddable":true,"href":"https:\/\/notinor.com\/jujuy\/wp-json\/wp\/v2\/comments?post=17508"}],"version-history":[{"count":1,"href":"https:\/\/notinor.com\/jujuy\/wp-json\/wp\/v2\/posts\/17508\/revisions"}],"predecessor-version":[{"id":17510,"href":"https:\/\/notinor.com\/jujuy\/wp-json\/wp\/v2\/posts\/17508\/revisions\/17510"}],"wp:featuredmedia":[{"embeddable":true,"href":"https:\/\/notinor.com\/jujuy\/wp-json\/wp\/v2\/media\/17509"}],"wp:attachment":[{"href":"https:\/\/notinor.com\/jujuy\/wp-json\/wp\/v2\/media?parent=17508"}],"wp:term":[{"taxonomy":"category","embeddable":true,"href":"https:\/\/notinor.com\/jujuy\/wp-json\/wp\/v2\/categories?post=17508"},{"taxonomy":"post_tag","embeddable":true,"href":"https:\/\/notinor.com\/jujuy\/wp-json\/wp\/v2\/tags?post=17508"}],"curies":[{"name":"wp","href":"https:\/\/api.w.org\/{rel}","templated":true}]}}