{"id":17502,"date":"2015-02-25T00:32:45","date_gmt":"2015-02-25T03:32:45","guid":{"rendered":"http:\/\/notinor.com\/jujuy\/?p=17502"},"modified":"2015-02-25T22:31:09","modified_gmt":"2015-02-26T01:31:09","slug":"intentan-sacar-adelante-la-campana-tabacalera","status":"publish","type":"post","link":"https:\/\/notinor.com\/jujuy\/intentan-sacar-adelante-la-campana-tabacalera\/","title":{"rendered":"Intentan sacar adelante la campa\u00f1a tabacalera"},"content":{"rendered":"<p><strong>SE PROFUNDIZA LA CR\u00cdSIS EN EL SECTOR TABACALERO<\/strong><\/p>\n<p><strong>La baja demanda de tabaco a nivel mundial debido a los grandes stocks generados por los principales pa\u00edses productores est\u00e1 complicando la comercializaci\u00f3n de tabaco de nuestro pa\u00eds en la presente campa\u00f1a tabacalera 2014\/15.<\/strong><\/p>\n<p>Situaci\u00f3n que tambi\u00e9n impidi\u00f3 lograr un precio acorde a los costos de producci\u00f3n del cultivo. Raz\u00f3n por la cual los productores tabacaleros de nuestra provincia se encuentran afrontando en estos momentos una delicada situaci\u00f3n econ\u00f3mica que les hace dif\u00edcil cumplir con sus obligaciones financieras y laborales.<\/p>\n<p>Frente a este escenario, desde la C\u00e1mara del Tabaco de Jujuy, aseguran que han redoblado sus esfuerzos realizando fuertes e intensas gestiones tanto en el \u00e1mbito provincial como nacional en busca de soluciones concretas y\u00a0 urgentes para los productores con el objetivo de que puedan paliar esta dif\u00edcil campa\u00f1a de baja demanda y lograr garantizar la continuidad de esta importante actividad productiva con un alto impacto social en la regi\u00f3n.<\/p>\n<p>En este sentido la C\u00e1mara intercedi\u00f3 ante los diferentes organismos vinculados directa e indirectamente al sector como las empresas de servicios (energ\u00eda y gas), sindicatos, Anses, Afip, bancos, entre otros, para que se contemple la dif\u00edcil situaci\u00f3n de esta actividad.<\/p>\n<p>Las perspectivas tampoco son alentadoras para la pr\u00f3xima campa\u00f1a porque la baja demanda persistir\u00eda por lo menos un a\u00f1o m\u00e1s seg\u00fan las informaciones del mercado. En este contexto, \u00a0afirmaron que la llegada de los recursos del fondo especial del tabaco en tiempo y forma ser\u00e1 fundamental para que los productores puedan soportar este periodo, cumplir con sus obligaciones financieras y mantener las fuentes laborales.<\/p>\n<p>Por tal motivo, desde la Instituci\u00f3n gremial de los productores, revelaron que junto a las dem\u00e1s provincias productoras a nivel Federaci\u00f3n Argentina de Productores Tabacaleros ya comunicaron de esta dif\u00edcil situaci\u00f3n a las autoridades de la Secretar\u00eda de Agricultura de la Naci\u00f3n. Y que se encuentran trabajando en forma conjunta para asegurar que los productores puedan contar al igual que el a\u00f1o pasado con todos los recursos necesarios del FET para continuar con la producci\u00f3n.<\/p>\n<p>Cabe destacar que el a\u00f1o pasado, Jujuy fue la provincia que m\u00e1s recursos del FET recibi\u00f3 en relaci\u00f3n a las dem\u00e1s provincias productoras seg\u00fan el Informe del Ministerio de Agricultura, Ganader\u00eda y Pesca de la Naci\u00f3n. Esto hizo posible que los productores pudieran contar con los recursos necesarios para lograr sacar adelante la producci\u00f3n y llegar hoy a la etapa de acopio en el marco de una dif\u00edcil situaci\u00f3n financiera para la actividad tabacalera.<\/p>\n<p>Asimismo la Instituci\u00f3n logr\u00f3 instrumentar diferentes planes y programas operativos tales como: preparaci\u00f3n de suelos y rastrojos, ayuda financiera por hect\u00e1rea, provisi\u00f3n de combustible, becas para hijos de productores, financiaci\u00f3n de estufas de curado, entre otros beneficios, que fueron de vital importancia para el desarrollo de la producci\u00f3n.<\/p>\n<p>&nbsp;<\/p>\n","protected":false},"excerpt":{"rendered":"<p>SE PROFUNDIZA LA CR\u00cdSIS EN EL SECTOR TABACALERO La baja demanda de tabaco a nivel mundial debido a los grandes stocks generados por los principales pa\u00edses productores est\u00e1 complicando la comercializaci\u00f3n de tabaco de nuestro pa\u00eds en la presente campa\u00f1a tabacalera 2014\/15. Situaci\u00f3n que tambi\u00e9n impidi\u00f3 lograr un precio acorde a los costos de producci\u00f3n [&hellip;]<\/p>\n","protected":false},"author":1,"featured_media":17505,"comment_status":"open","ping_status":"open","sticky":false,"template":"","format":"standard","meta":{"_stopmodifiedupdate":false,"_modified_date":"","inline_featured_image":false},"categories":[2],"tags":[],"jetpack_featured_media_url":"https:\/\/notinor.com\/jujuy\/wp-content\/uploads\/2015\/02\/images-1.jpg","_links":{"self":[{"href":"https:\/\/notinor.com\/jujuy\/wp-json\/wp\/v2\/posts\/17502"}],"collection":[{"href":"https:\/\/notinor.com\/jujuy\/wp-json\/wp\/v2\/posts"}],"about":[{"href":"https:\/\/notinor.com\/jujuy\/wp-json\/wp\/v2\/types\/post"}],"author":[{"embeddable":true,"href":"https:\/\/notinor.com\/jujuy\/wp-json\/wp\/v2\/users\/1"}],"replies":[{"embeddable":true,"href":"https:\/\/notinor.com\/jujuy\/wp-json\/wp\/v2\/comments?post=17502"}],"version-history":[{"count":3,"href":"https:\/\/notinor.com\/jujuy\/wp-json\/wp\/v2\/posts\/17502\/revisions"}],"predecessor-version":[{"id":17632,"href":"https:\/\/notinor.com\/jujuy\/wp-json\/wp\/v2\/posts\/17502\/revisions\/17632"}],"wp:featuredmedia":[{"embeddable":true,"href":"https:\/\/notinor.com\/jujuy\/wp-json\/wp\/v2\/media\/17505"}],"wp:attachment":[{"href":"https:\/\/notinor.com\/jujuy\/wp-json\/wp\/v2\/media?parent=17502"}],"wp:term":[{"taxonomy":"category","embeddable":true,"href":"https:\/\/notinor.com\/jujuy\/wp-json\/wp\/v2\/categories?post=17502"},{"taxonomy":"post_tag","embeddable":true,"href":"https:\/\/notinor.com\/jujuy\/wp-json\/wp\/v2\/tags?post=17502"}],"curies":[{"name":"wp","href":"https:\/\/api.w.org\/{rel}","templated":true}]}}