{"id":17496,"date":"2015-02-25T00:25:34","date_gmt":"2015-02-25T03:25:34","guid":{"rendered":"http:\/\/notinor.com\/jujuy\/?p=17496"},"modified":"2015-02-25T00:28:53","modified_gmt":"2015-02-25T03:28:53","slug":"ultimo-fin-de-semana-de-los-corsos-sampedrenos","status":"publish","type":"post","link":"https:\/\/notinor.com\/jujuy\/ultimo-fin-de-semana-de-los-corsos-sampedrenos\/","title":{"rendered":"\u00daltimo fin de semana de Los corsos Sampedre\u00f1os"},"content":{"rendered":"<p>Con respecto a estos temas el presidente de la COME-COR 2015 dijo \" esta vez se realizaron comisiones externas, por ejemplo el domingo (corso infantil) estuvo Ariela Moyano con un equipo de trabajo y ahora otro equipo est\u00e1 a cargo de la elecci\u00f3n Reyna, que ser\u00eda el d\u00eda jueves, pasar\u00edan con trajes t\u00edpicos y con traje de noche para que puedan apreciar las dos versiones.\"<\/p>\n<p><a href=\"http:\/\/notinor.com\/jujuy\/wp-content\/uploads\/2015\/02\/images.jpg\"><img decoding=\"async\" loading=\"lazy\" class=\"alignnone size-full wp-image-17497\" src=\"http:\/\/notinor.com\/jujuy\/wp-content\/uploads\/2015\/02\/images.jpg\" alt=\"images\" width=\"285\" height=\"177\" \/><\/a><\/p>\n<p>Adelanto que estar\u00e1 el grupo mendiete\u00f1o \"Engualichados \"\u00a0 y que esa noche se reconocer\u00e1n los aniversarios de las comparsas, \"la trayectoria de nuestros artistas, los aniversarios que est\u00e1n cumpliendo estos a\u00f1os, se hacen homenajes, se entregara un recordatorio y eso va a ser el d\u00eda jueves\", completo Jurado.<\/p>\n<p>El d\u00eda viernes se realizara la pen\u00faltima jornada de los corsos con la presentaci\u00f3n del \"Grupo A, y desde el interior est\u00e1n queriendo participar ac\u00e1, en este caso estar\u00e1 el grupo Willka, queremos que hagan la apertura as\u00ed que estamos as\u00ed con los acuerdos, despu\u00e9s hay muchas comparsas que llaman y lo ideal ser\u00eda que pasen el viernes. El s\u00e1bado, si el tiempo nos ayuda estar\u00eda haciendo el desfile completo, y desde Buenos Aires viene la sueca Larson, en la carroza principal.\"<\/p>\n<p>Despu\u00e9s aclaro \"en caso de haber lluvia el viernes o el s\u00e1bado, se debe suspender y se tiene que recupera, la iniciativa nuestra es no dejar que pierdan nada, hasta ahora tenemos las 8 noches programadas y faltan dos, y si llueve, sobre la marcha tendremos que ir tratando de hacerlo otro d\u00eda, el d\u00eda s\u00e1bado la gente estuvo hasta el \u00faltimo, uno tienen que ver como organizador que si hay una llovizna no se puede suspender, los mismos artistas, ellos est\u00e1n desde temprano con los peinados con todo, hay que tener respeto y tambi\u00e9n por los mismos vendedores que est\u00e1n desde temprano, y si se suspende se recupera.<\/p>\n<p>VIVIENDAS PARA LA ZONA RURAL<\/p>\n<p>As\u00ed lo hizo saber la arquitecta Claudia Hinojosa, a cargo de la Secretaria de Servicios y Obra P\u00fablica de la Municipalidad de San Pedro de Jujuy. Se trata de 20 viviendas que se construir\u00e1n en El Acheral y San Juan de Dios.<\/p>\n<p>Hinojosa dijo que \"en este momento vinimos a hacer la inspecci\u00f3n t\u00e9cnica en las viviendas, la construcci\u00f3n de las mismas es una gesti\u00f3n que empez\u00f3 en el 2012, nosotros hemos presentado el proyecto y el dinero llego el a\u00f1o pasado, los proyectos son 10 viviendas en el Acheral y 10 viviendas en San Juan de Dios. Estamos empezando con 3 viviendas en el Acheral y por iniciar la semana que viene, ya tenemos firmado el contrato con la cooperativa, la construcci\u00f3n de las casas\u00a0 en San Juan de Dios.\"<\/p>\n<p>Aclaro que \"esto no lo hacemos con empleados municipales, sino que se est\u00e1 contratando una obra, si bien toda la estructura se arma en obras p\u00fablicas de la municipalidad. El proyecto se inici\u00f3 en el 2012 a fines del 2014 nos mandan el dinero entonces hay un desfasaje de dinero y entre no hacer nada y en que la gente se queje sin tener su vivienda que tiene dormitorio que tiene una cocina, ba\u00f1o, es mejor hacerla.\"<\/p>\n<p>De todas formas dijo \"hicimos unos malabares para que el dinero alcance, para no defraudar a los beneficiarios que los hab\u00edamos inscripto en el 2012. Obras publicas hace la parte de infraestructura,\u00a0 automotores lleva los materiales, nosotros compramos los materiales por eso la parte de hacienda a trav\u00e9s de patrimoniales est\u00e1 involucrada.\"<\/p>\n<p>Finalmente dijo la arquitecta Hinojosa \"por otro lado esta cooperativa y esta empresa que hace posible que podamos llevar a cabo esta obra, a la gente del Acheral no la tenemos abandonada, hace poco se termin\u00f3 de construir el tinglado lo dejamos totalmente techado y los vecinos ya lo est\u00e1n utilizando porque la verdad que los vecinos no ten\u00edan para la reuni\u00f3n y hace una semana a trav\u00e9s de vialidad de la provincia que nos facilit\u00f3 la moto niveladora, hemos enripiado en el acceso.\"<\/p>\n<p>RECOMENDACIONES PARA EL TRANSITO<\/p>\n<p>Desde la Coordinaci\u00f3n de Ordenamiento Vial se comunica a todos los conductores de motocicletas que deber\u00e1n transitar con precauci\u00f3n por todas las calles de nuestra ciudad debido a la intensa lluvia que cay\u00f3 en las \u00faltimas horas.<\/p>\n<p>Se fundamenta esta recomendaci\u00f3n en que debido al aguacero, se produjeron desplazamientos y amontonamiento de arena y piedras, lo que<\/p>\n<p>hace que se quede m\u00e1s propenso a los accidentes. Especialmente en barrio Belgrano sobre las calles Neuqu\u00e9n, Formosa y otras arterias.<\/p>\n<p>Al respecto personal de Servicio de Obras Publicas se encuentran realizando la limpieza necesaria para normalizar la situaci\u00f3n planteada.<\/p>\n","protected":false},"excerpt":{"rendered":"<p>Con respecto a estos temas el presidente de la COME-COR 2015 dijo \" esta vez se realizaron comisiones externas, por ejemplo el domingo (corso infantil) estuvo Ariela Moyano con un equipo de trabajo y ahora otro equipo est\u00e1 a cargo de la elecci\u00f3n Reyna, que ser\u00eda el d\u00eda jueves, pasar\u00edan con trajes t\u00edpicos y con [&hellip;]<\/p>\n","protected":false},"author":1,"featured_media":17500,"comment_status":"open","ping_status":"open","sticky":false,"template":"","format":"standard","meta":{"_stopmodifiedupdate":false,"_modified_date":"","inline_featured_image":false},"categories":[4],"tags":[],"jetpack_featured_media_url":"https:\/\/notinor.com\/jujuy\/wp-content\/uploads\/2015\/02\/images2.jpg","_links":{"self":[{"href":"https:\/\/notinor.com\/jujuy\/wp-json\/wp\/v2\/posts\/17496"}],"collection":[{"href":"https:\/\/notinor.com\/jujuy\/wp-json\/wp\/v2\/posts"}],"about":[{"href":"https:\/\/notinor.com\/jujuy\/wp-json\/wp\/v2\/types\/post"}],"author":[{"embeddable":true,"href":"https:\/\/notinor.com\/jujuy\/wp-json\/wp\/v2\/users\/1"}],"replies":[{"embeddable":true,"href":"https:\/\/notinor.com\/jujuy\/wp-json\/wp\/v2\/comments?post=17496"}],"version-history":[{"count":2,"href":"https:\/\/notinor.com\/jujuy\/wp-json\/wp\/v2\/posts\/17496\/revisions"}],"predecessor-version":[{"id":17501,"href":"https:\/\/notinor.com\/jujuy\/wp-json\/wp\/v2\/posts\/17496\/revisions\/17501"}],"wp:featuredmedia":[{"embeddable":true,"href":"https:\/\/notinor.com\/jujuy\/wp-json\/wp\/v2\/media\/17500"}],"wp:attachment":[{"href":"https:\/\/notinor.com\/jujuy\/wp-json\/wp\/v2\/media?parent=17496"}],"wp:term":[{"taxonomy":"category","embeddable":true,"href":"https:\/\/notinor.com\/jujuy\/wp-json\/wp\/v2\/categories?post=17496"},{"taxonomy":"post_tag","embeddable":true,"href":"https:\/\/notinor.com\/jujuy\/wp-json\/wp\/v2\/tags?post=17496"}],"curies":[{"name":"wp","href":"https:\/\/api.w.org\/{rel}","templated":true}]}}