{"id":17491,"date":"2015-02-25T00:17:24","date_gmt":"2015-02-25T03:17:24","guid":{"rendered":"http:\/\/notinor.com\/jujuy\/?p=17491"},"modified":"2015-02-25T00:17:39","modified_gmt":"2015-02-25T03:17:39","slug":"la-ite-asegura-que-la-nueva-ley-de-paritarias-generara-mas-conflictos","status":"publish","type":"post","link":"https:\/\/notinor.com\/jujuy\/la-ite-asegura-que-la-nueva-ley-de-paritarias-generara-mas-conflictos\/","title":{"rendered":"La ITE asegura que la Nueva Ley de Paritarias generar\u00e1 m\u00e1s conflictos"},"content":{"rendered":"<pre>Intersindical: la sanci\u00f3n de la nueva Ley de paritarias agravara el\r\nconflicto con los trabajadores.\r\n\r\nLa ITE sostiene que ya existe una Ley de Paritarias en la provincia, sin\r\nembargo, el Gobierno quiere imponer una nueva Ley que viola derechos de\r\nlos trabajadores y limita la participaci\u00f3n de las organizaciones gremiales\r\nen la discusi\u00f3n salarial y de condiciones de trabajo.\r\n\r\nSolicitud de convocatoria a las negociaciones\r\n\r\nEn la conferencia se inform\u00f3 que se envi\u00f3 una nota al Poder Ejecutivo\r\nsolicitando que convoque a negociar salarios y avanzar en la discusi\u00f3n de\r\nlos 10 puntos planteados en la mesa de negociaci\u00f3n de principios de\r\nfebrero. En la presentaci\u00f3n escrita se dej\u00f3 aclarado que luego de esa\r\nprimera reuni\u00f3n, el Gobierno fren\u00f3 la discusi\u00f3n, por lo tanto la\r\nconvocatoria debe ser urgente.\r\n\r\n\u201cLas consecuencias de llevar adelante una legislaci\u00f3n de prepo, que no ha\r\nsido discutida ni consensuada con los trabajadores, van a ser las que ya\r\nexplicitamos en la C\u00e1mara de Diputados, es decir que se va a incrementar\r\nel conflicto\u201d sostuvo V\u00edctor Aramayo de APUAP.\r\n\r\nMat\u00edas Brizuela, Secretario Gremial de ATE Jujuy, agreg\u00f3 que \u201ccon los\r\nconflictos que ya tenemos, ser\u00eda una irresponsabilidad del Gobierno hacer\r\naprobar esta Ley, es decir, se agravar\u00eda el conflicto con otro problema\r\nm\u00e1s generado por el oficialismo\u201d, agregado al incumplimiento del gobierno\r\nde las actas firmadas con la ITE.\r\n\r\nAsamblea provincial\r\n\r\nLa ITE inform\u00f3 que el lunes 2 de marzo, a las 10 hs, se realizara una\r\nAsamblea provincial de trabajadores estatales en el Club Cuyaya, donde\r\nmiles de estatales provinciales y municipales debatir\u00e1n sobre la situaci\u00f3n\r\nactual, salarios, condiciones de trabajo, Ley de paritarias y medidas a\r\nseguir.\r\n\r\nComo ocurre desde el origen de la Intersindical, ser\u00e1 la Asamblea la que\r\nestablezca como y cuando hacer cumplir con las reivindicaciones y acuerdos\r\nincumplidos.<\/pre>\n","protected":false},"excerpt":{"rendered":"<p>Intersindical: la sanci\u00f3n de la nueva Ley de paritarias agravara el conflicto con los trabajadores. La ITE sostiene que ya existe una Ley de Paritarias en la provincia, sin embargo, el Gobierno quiere imponer una nueva Ley que viola derechos de los trabajadores y limita la participaci\u00f3n de las organizaciones gremiales en la discusi\u00f3n salarial [&hellip;]<\/p>\n","protected":false},"author":1,"featured_media":17494,"comment_status":"open","ping_status":"open","sticky":false,"template":"","format":"standard","meta":{"_stopmodifiedupdate":false,"_modified_date":"","inline_featured_image":false},"categories":[485],"tags":[],"jetpack_featured_media_url":"https:\/\/notinor.com\/jujuy\/wp-content\/uploads\/2015\/02\/21.jpg","_links":{"self":[{"href":"https:\/\/notinor.com\/jujuy\/wp-json\/wp\/v2\/posts\/17491"}],"collection":[{"href":"https:\/\/notinor.com\/jujuy\/wp-json\/wp\/v2\/posts"}],"about":[{"href":"https:\/\/notinor.com\/jujuy\/wp-json\/wp\/v2\/types\/post"}],"author":[{"embeddable":true,"href":"https:\/\/notinor.com\/jujuy\/wp-json\/wp\/v2\/users\/1"}],"replies":[{"embeddable":true,"href":"https:\/\/notinor.com\/jujuy\/wp-json\/wp\/v2\/comments?post=17491"}],"version-history":[{"count":1,"href":"https:\/\/notinor.com\/jujuy\/wp-json\/wp\/v2\/posts\/17491\/revisions"}],"predecessor-version":[{"id":17495,"href":"https:\/\/notinor.com\/jujuy\/wp-json\/wp\/v2\/posts\/17491\/revisions\/17495"}],"wp:featuredmedia":[{"embeddable":true,"href":"https:\/\/notinor.com\/jujuy\/wp-json\/wp\/v2\/media\/17494"}],"wp:attachment":[{"href":"https:\/\/notinor.com\/jujuy\/wp-json\/wp\/v2\/media?parent=17491"}],"wp:term":[{"taxonomy":"category","embeddable":true,"href":"https:\/\/notinor.com\/jujuy\/wp-json\/wp\/v2\/categories?post=17491"},{"taxonomy":"post_tag","embeddable":true,"href":"https:\/\/notinor.com\/jujuy\/wp-json\/wp\/v2\/tags?post=17491"}],"curies":[{"name":"wp","href":"https:\/\/api.w.org\/{rel}","templated":true}]}}