{"id":17488,"date":"2015-02-25T00:14:11","date_gmt":"2015-02-25T03:14:11","guid":{"rendered":"http:\/\/notinor.com\/jujuy\/?p=17488"},"modified":"2015-02-25T00:14:11","modified_gmt":"2015-02-25T03:14:11","slug":"daniel-osvaldo-debutar-en-una-noche-de-libertadores","status":"publish","type":"post","link":"https:\/\/notinor.com\/jujuy\/daniel-osvaldo-debutar-en-una-noche-de-libertadores\/","title":{"rendered":"Daniel Osvaldo: Debutar en una noche de Libertadores"},"content":{"rendered":"<p>El flamante delantero xeneize saldr\u00eda desde el arranque ante Montevideo Wanderers, el jueves a las 20.15.<\/p>\n<p>Entre risas, aclara que primero hay que llegar a esas instancias y despu\u00e9s \"ver qu\u00e9 quiere hacer Carlos\". Amigo del Apache, Daniel Osvaldo ya puso un pie en Boca, como para ir ganando tiempo y terreno. \"Debutar en la Bombonera es algo que so\u00f1\u00e9 desde que tengo uso de raz\u00f3n. Y que hoy tenga la posibilidad que se haga realidad es algo muy especial. Estoy disfrutando las sensaciones de estas horas previas al partido y s\u00e9 que no lo voy a olvidar m\u00e1s\", dice, cerca de su estreno vestido de azul y oro. El flamante delantero xeneize saldr\u00eda desde el arranque ante Montevideo Wanderers, el jueves a las 20.15, por la Copa Libertadores .<\/p>\n<p>\"Nunca jugu\u00e9 en la Bombonera, no jugu\u00e9, no hice una visita, no vine ni a un recital, ja\". Tras su paso por Inter, de donde sali\u00f3 por una pelea con Mauro Icardi de la que prefiere no hablar, tacha los d\u00edas para cumplir con el viejo anhelo. Y hasta revela, entre risas, una charla que tuvo con Agust\u00edn Orion. Expulsado ante Temperley, la salida del arquero lo dej\u00f3 sin debut y hubo un comentario divertido en el vestuario: \"Nos miramos. Yo le dije 'me parece que me cagaste' y \u00e9l me dijo 'me parece te cagu\u00e9'\".<\/p>\n<p>\"Debutar en una noche de Copa Libertadores tiene algo especial. As\u00ed que espero un buen resultado y los goles. Esperemos que llegue todo junto para que sea una noche perfecta de Copa\", se\u00f1ala.<\/p>\n","protected":false},"excerpt":{"rendered":"<p>El flamante delantero xeneize saldr\u00eda desde el arranque ante Montevideo Wanderers, el jueves a las 20.15. Entre risas, aclara que primero hay que llegar a esas instancias y despu\u00e9s \"ver qu\u00e9 quiere hacer Carlos\". Amigo del Apache, Daniel Osvaldo ya puso un pie en Boca, como para ir ganando tiempo y terreno. \"Debutar en la [&hellip;]<\/p>\n","protected":false},"author":1,"featured_media":17492,"comment_status":"open","ping_status":"open","sticky":false,"template":"","format":"standard","meta":{"_stopmodifiedupdate":false,"_modified_date":"","inline_featured_image":false},"categories":[7],"tags":[],"jetpack_featured_media_url":"https:\/\/notinor.com\/jujuy\/wp-content\/uploads\/2015\/02\/boca6.jpg","_links":{"self":[{"href":"https:\/\/notinor.com\/jujuy\/wp-json\/wp\/v2\/posts\/17488"}],"collection":[{"href":"https:\/\/notinor.com\/jujuy\/wp-json\/wp\/v2\/posts"}],"about":[{"href":"https:\/\/notinor.com\/jujuy\/wp-json\/wp\/v2\/types\/post"}],"author":[{"embeddable":true,"href":"https:\/\/notinor.com\/jujuy\/wp-json\/wp\/v2\/users\/1"}],"replies":[{"embeddable":true,"href":"https:\/\/notinor.com\/jujuy\/wp-json\/wp\/v2\/comments?post=17488"}],"version-history":[{"count":1,"href":"https:\/\/notinor.com\/jujuy\/wp-json\/wp\/v2\/posts\/17488\/revisions"}],"predecessor-version":[{"id":17493,"href":"https:\/\/notinor.com\/jujuy\/wp-json\/wp\/v2\/posts\/17488\/revisions\/17493"}],"wp:featuredmedia":[{"embeddable":true,"href":"https:\/\/notinor.com\/jujuy\/wp-json\/wp\/v2\/media\/17492"}],"wp:attachment":[{"href":"https:\/\/notinor.com\/jujuy\/wp-json\/wp\/v2\/media?parent=17488"}],"wp:term":[{"taxonomy":"category","embeddable":true,"href":"https:\/\/notinor.com\/jujuy\/wp-json\/wp\/v2\/categories?post=17488"},{"taxonomy":"post_tag","embeddable":true,"href":"https:\/\/notinor.com\/jujuy\/wp-json\/wp\/v2\/tags?post=17488"}],"curies":[{"name":"wp","href":"https:\/\/api.w.org\/{rel}","templated":true}]}}