{"id":17402,"date":"2015-02-24T02:01:40","date_gmt":"2015-02-24T05:01:40","guid":{"rendered":"http:\/\/notinor.com\/jujuy\/?p=17402"},"modified":"2015-02-24T02:01:40","modified_gmt":"2015-02-24T05:01:40","slug":"entrega-de-mercaderia-a-comedores-infantiles-de-la-delegacion-municipal-de-villa-jardin-de-reyes","status":"publish","type":"post","link":"https:\/\/notinor.com\/jujuy\/entrega-de-mercaderia-a-comedores-infantiles-de-la-delegacion-municipal-de-villa-jardin-de-reyes\/","title":{"rendered":"Entrega de mercader\u00eda a comedores infantiles de la Delegaci\u00f3n Municipal de Villa Jard\u00edn de Reyes"},"content":{"rendered":"<p>El Director de la Delegaci\u00f3n Municipal de Villa Jard\u00edn de Reyes, Daniel Ruiz, cerr\u00f3 un nuevo evento cultural y solidario. Al respecto coment\u00f3 \u201cEl Jueves de Comadres crece cada a\u00f1o tanto en la cantidad de emprendedores que participan como en los turistas y vecinos que son parte de la consolidaci\u00f3n de esta festividad\u201d.<\/p>\n<p>El jueves de Comadre Familiar y Solidario se realiza hace 4 a\u00f1os y surge como un acontecimiento iniciado por la Delegaci\u00f3n de Villa Jard\u00edn de Reyes junto a Emprendedores Independientes de la zona. Dicha acci\u00f3n conjunta integra a los emprendedores gastron\u00f3micos, emprendedores abocados a la pintura, artesanos en todos sus rubros como cer\u00e1mica y metales.<\/p>\n<p>Ruiz expres\u00f3 su gratitud hacia los vecinos y destac\u00f3 que: \u201cDesde el municipio estamos trabajando continuamente para generar eventos y fomentando la integraci\u00f3n en un espacio propio donde se puedan exhibir los productos\u201d. A su vez expres\u00f3 su felicidad por el trabajo en conjunto, el cual culmin\u00f3 con el logro m\u00e1s alto; la entrega de los alimentos no perecederos a escuelas y comedores.<\/p>\n<p>Este a\u00f1o se hicieron acreedores de la mercader\u00eda recaudada, el Comedor Los Principitos del Sector 1 de Los Molinos, Comedor Santiago Ap\u00f3stol y Comedor Unidos por los ni\u00f1os, ambos de Villa Jard\u00edn de Reyes.<\/p>\n<p>En otro orden, F\u00e9lix Avalos, representante de los Emprendedores Gastron\u00f3micos adhiri\u00f3 en el agradecimiento y lo hizo extensivo hacia todos los participantes y colaboradores por su desinteresado acompa\u00f1amiento. As\u00ed tambi\u00e9n mencion\u00f3 la ayuda de los Concejales Yolanda Zerpa y Luis S\u00e1nchez por la donaci\u00f3n de mercader\u00eda para los comedores.<\/p>\n","protected":false},"excerpt":{"rendered":"<p>El Director de la Delegaci\u00f3n Municipal de Villa Jard\u00edn de Reyes, Daniel Ruiz, cerr\u00f3 un nuevo evento cultural y solidario. Al respecto coment\u00f3 \u201cEl Jueves de Comadres crece cada a\u00f1o tanto en la cantidad de emprendedores que participan como en los turistas y vecinos que son parte de la consolidaci\u00f3n de esta festividad\u201d. El jueves [&hellip;]<\/p>\n","protected":false},"author":1,"featured_media":17403,"comment_status":"open","ping_status":"open","sticky":false,"template":"","format":"standard","meta":{"_stopmodifiedupdate":false,"_modified_date":"","inline_featured_image":false,"spay_email":"","jetpack_publicize_message":""},"categories":[490],"tags":[],"jetpack_featured_media_url":"https:\/\/notinor.com\/jujuy\/wp-content\/uploads\/2015\/02\/entrega-de-mercaderia-delegacion-de-reyes-2.jpg","jetpack_publicize_connections":[],"_links":{"self":[{"href":"https:\/\/notinor.com\/jujuy\/wp-json\/wp\/v2\/posts\/17402"}],"collection":[{"href":"https:\/\/notinor.com\/jujuy\/wp-json\/wp\/v2\/posts"}],"about":[{"href":"https:\/\/notinor.com\/jujuy\/wp-json\/wp\/v2\/types\/post"}],"author":[{"embeddable":true,"href":"https:\/\/notinor.com\/jujuy\/wp-json\/wp\/v2\/users\/1"}],"replies":[{"embeddable":true,"href":"https:\/\/notinor.com\/jujuy\/wp-json\/wp\/v2\/comments?post=17402"}],"version-history":[{"count":1,"href":"https:\/\/notinor.com\/jujuy\/wp-json\/wp\/v2\/posts\/17402\/revisions"}],"predecessor-version":[{"id":17405,"href":"https:\/\/notinor.com\/jujuy\/wp-json\/wp\/v2\/posts\/17402\/revisions\/17405"}],"wp:featuredmedia":[{"embeddable":true,"href":"https:\/\/notinor.com\/jujuy\/wp-json\/wp\/v2\/media\/17403"}],"wp:attachment":[{"href":"https:\/\/notinor.com\/jujuy\/wp-json\/wp\/v2\/media?parent=17402"}],"wp:term":[{"taxonomy":"category","embeddable":true,"href":"https:\/\/notinor.com\/jujuy\/wp-json\/wp\/v2\/categories?post=17402"},{"taxonomy":"post_tag","embeddable":true,"href":"https:\/\/notinor.com\/jujuy\/wp-json\/wp\/v2\/tags?post=17402"}],"curies":[{"name":"wp","href":"https:\/\/api.w.org\/{rel}","templated":true}]}}