{"id":17223,"date":"2015-02-22T08:08:52","date_gmt":"2015-02-22T11:08:52","guid":{"rendered":"http:\/\/notinor.com\/jujuy\/?p=17223"},"modified":"2015-02-22T08:12:05","modified_gmt":"2015-02-22T11:12:05","slug":"por-tercer-ano-consecutivo-los-salarios-pierden-contra-inflacion","status":"publish","type":"post","link":"https:\/\/notinor.com\/jujuy\/por-tercer-ano-consecutivo-los-salarios-pierden-contra-inflacion\/","title":{"rendered":"Por tercer a\u00f1o consecutivo los salarios pierden contra inflaci\u00f3n"},"content":{"rendered":"<p>Como un cl\u00e1sico deportivo, la carrera entre sueldos y precios mantiene en vilo a los trabajadores argentinos. Por tercer a\u00f1o consecutivo, la inflaci\u00f3n gan\u00f3 sobre los golpeados asalariados.<\/p>\n<div id=\"texto\">\n<p>Los empleados en relaci\u00f3n de dependencia son los que parecen llevarse la peor parte del proceso de elevada inflaci\u00f3n (con una d\u00e9cada sobre los dos d\u00edgitos anuales). En una contrastaci\u00f3n entre las variaciones interanuales en el nivel salarial que informa Indec \u2013 que incluye el sector privado, p\u00fablico y una estimaci\u00f3n del privado no registrado \u2013 contra las variaciones de precios que publica el Congreso de la Naci\u00f3n en base a las mediciones privadas, el 2014 marc\u00f3 el tercer a\u00f1o consecutivo de p\u00e9rdida de poder adquisitivo del salario.<\/p>\n<p>Durante el a\u00f1o pasado, el poder de compra de los empleados se contrajo en promedio un 4,8%. No obstante, el deterioro se desaceler\u00f3 respecto de 2013, cuando la variaci\u00f3n negativa hab\u00eda alcanzado el 6,6%. Al tomar una serie de mayor extensi\u00f3n se agrega la complejidad que ofrece el deterioro de las estad\u00edsticas oficiales.<\/p>\n<p>Si a fin de realizar tal ejercicio se consideran los datos publicados por Indec hasta 2006, el promedio de Institutos de Estad\u00edsticas provinciales entre 2006 y 2010, y los datos del IPC Congreso desde 2011; el saldo que se observa es que en los \u00faltimos 11 a\u00f1os se dieron 5 per\u00edodos de contracci\u00f3n real. De \u00e9stos, tres se concentran en los \u00faltimos cuatro a\u00f1os.<\/p>\n<p>Durante 2014 el mayor deterioro salarial se dio en el primer trimestre y durante la segunda mitad del a\u00f1o. En tanto, las negociaciones paritarias dieron cierto aire durante los meses de abril a julio. Pensando en las paritarias que se avecinan, es probable que los gremios intenten recuperar parte del deterioro salarial del \u00faltimo a\u00f1o. Por otra parte, las expectativas de una desaceleraci\u00f3n de la inflaci\u00f3n durante este a\u00f1o, principalmente por la ca\u00edda de actividad y el anclaje del tipo de cambio, operar\u00e1n como techo en las negociaciones.<\/p>\n<p>Todo indica que las principales variables econ\u00f3micas se determinar\u00e1n d\u00eda a d\u00eda, fiel reflejo de la incertidumbre reinante en un escenario pol\u00edtico y econ\u00f3mico complejo. Hasta ahora, el resultado es duro. Los perjudicados: los trabajadores, que por tercer a\u00f1o consecutivo tuvieron salarios que perdieron contra la inflaci\u00f3n.<\/p>\n<p>&nbsp;<\/p>\n<\/div>\n","protected":false},"excerpt":{"rendered":"<p>Como un cl\u00e1sico deportivo, la carrera entre sueldos y precios mantiene en vilo a los trabajadores argentinos. Por tercer a\u00f1o consecutivo, la inflaci\u00f3n gan\u00f3 sobre los golpeados asalariados. Los empleados en relaci\u00f3n de dependencia son los que parecen llevarse la peor parte del proceso de elevada inflaci\u00f3n (con una d\u00e9cada sobre los dos d\u00edgitos anuales). [&hellip;]<\/p>\n","protected":false},"author":1,"featured_media":17226,"comment_status":"open","ping_status":"open","sticky":false,"template":"","format":"standard","meta":{"_stopmodifiedupdate":false,"_modified_date":"","inline_featured_image":false,"spay_email":"","jetpack_publicize_message":""},"categories":[485],"tags":[],"jetpack_featured_media_url":"https:\/\/notinor.com\/jujuy\/wp-content\/uploads\/2015\/02\/notinor.salarios.png","jetpack_publicize_connections":[],"_links":{"self":[{"href":"https:\/\/notinor.com\/jujuy\/wp-json\/wp\/v2\/posts\/17223"}],"collection":[{"href":"https:\/\/notinor.com\/jujuy\/wp-json\/wp\/v2\/posts"}],"about":[{"href":"https:\/\/notinor.com\/jujuy\/wp-json\/wp\/v2\/types\/post"}],"author":[{"embeddable":true,"href":"https:\/\/notinor.com\/jujuy\/wp-json\/wp\/v2\/users\/1"}],"replies":[{"embeddable":true,"href":"https:\/\/notinor.com\/jujuy\/wp-json\/wp\/v2\/comments?post=17223"}],"version-history":[{"count":1,"href":"https:\/\/notinor.com\/jujuy\/wp-json\/wp\/v2\/posts\/17223\/revisions"}],"predecessor-version":[{"id":17225,"href":"https:\/\/notinor.com\/jujuy\/wp-json\/wp\/v2\/posts\/17223\/revisions\/17225"}],"wp:featuredmedia":[{"embeddable":true,"href":"https:\/\/notinor.com\/jujuy\/wp-json\/wp\/v2\/media\/17226"}],"wp:attachment":[{"href":"https:\/\/notinor.com\/jujuy\/wp-json\/wp\/v2\/media?parent=17223"}],"wp:term":[{"taxonomy":"category","embeddable":true,"href":"https:\/\/notinor.com\/jujuy\/wp-json\/wp\/v2\/categories?post=17223"},{"taxonomy":"post_tag","embeddable":true,"href":"https:\/\/notinor.com\/jujuy\/wp-json\/wp\/v2\/tags?post=17223"}],"curies":[{"name":"wp","href":"https:\/\/api.w.org\/{rel}","templated":true}]}}