{"id":17220,"date":"2015-02-22T08:04:50","date_gmt":"2015-02-22T11:04:50","guid":{"rendered":"http:\/\/notinor.com\/jujuy\/?p=17220"},"modified":"2015-02-22T08:04:50","modified_gmt":"2015-02-22T11:04:50","slug":"la-crisis-de-las-economias-regionales-podria-generar-problemas-graves","status":"publish","type":"post","link":"https:\/\/notinor.com\/jujuy\/la-crisis-de-las-economias-regionales-podria-generar-problemas-graves\/","title":{"rendered":"La crisis de las econom\u00edas regionales podr\u00eda generar \u201cproblemas graves\u201d"},"content":{"rendered":"<p>\u201cSe registran costos internos de producci\u00f3n muy altos y depresi\u00f3n en los mercados de colocaci\u00f3n de productos en el plano internacional, adem\u00e1s de un retraso cambiario evidente por lo que el reclamo apunta a pol\u00edticas orientadas a devolver rentabilidad\u201d, dijo.<\/p>\n<p>En declaraciones a radio Am\u00e9rica, el empresario advirti\u00f3 que si no se encuentran soluciones, se van a generar \u201cproblemas graves, sobre todo con los peque\u00f1os y medianos productores que son los que m\u00e1s padecen y aguantan la crisis, aunque llega un momento en que sus hijos y su familia presionan para dejar el campo\u201d.<\/p>\n<p>Rob\u00edn destac\u00f3 que trabaja con un \u201cmuy buen di\u00e1logo\u201d con el gobierno nacional \u201csolucionando algunos problemas puntuales\u201d, aunque no los que hacen a la macroeconom\u00eda argentina, donde la central empresaria \u201cquisiera ver cambios\u201d.<\/p>\n<p>Precis\u00f3 el empresario tucumano que las econom\u00edas regional en general est\u00e1n \u201cmuy complicadas, salvo algunas excepciones puntuales\u201d, como es el caso de los ar\u00e1ndanos, que registraron una cosecha corta y con precios sostenidos.<\/p>\n<p>Los sectores m\u00e1s complicados son los que destinan un mayor porcentaje de su producci\u00f3n a exportaciones al Brasil, que devalu\u00f3 m\u00e1s del 7 por ciento en el \u00faltimo a\u00f1o, restando competitividad a la Argentina. Y Rusia registr\u00f3 una devaluaci\u00f3n muy significativa durante el a\u00f1o pasado y en lo que va de 2015, lo que dej\u00f3 fuera de competencia a muchas producciones locales como las de c\u00edtrico dulce, peras, manzanas y parte vino argentino.<\/p>\n<p>Con respecto a las complicaciones del mercado interno, se\u00f1al\u00f3 que \u201chay cuestiones hist\u00f3ricas y otras coyunturales que actualmente golpean al sector azucarero, dado que se gener\u00f3 un sobre stock que desde hace tres a\u00f1os impacta en los precios.<\/p>\n<p>Venta de usados<\/p>\n<p>Durante el primer mes de 2015, en apenas cuatro provincias aumentaron las transferencias. En Capital la ca\u00edda fue del 20%. La C\u00e1mara del Comercio Automotor espera un a\u00f1o \u201cparecido a 2014\u201d.<\/p>\n<p>En enero de 2015 baj\u00f3 la venta de autos usados un 12,8% respecto del mismo mes de 2014. En total, se realizaron 144.018 transacciones, 20.000 menos que las 165.191 de enero de 2014.<\/p>\n<p>Sin embargo, si la comparaci\u00f3n se realiza con diciembre de 2014, las ventas de usados aumentaron un 4,7%.<\/p>\n<p>Las \u00fanicas cuatro provincias en las que crecieron la cantidad de transacciones de autos usados fueron Tucum\u00e1n (10%), Santiago del Estero (4,8%), Salta (0,9%) y Tierra del Fuego (0,4%).<\/p>\n<p>En contraste, los distritos en los que m\u00e1s ca\u00edda hubo fueron San Luis (25,4%), Capital Federal (20%), Santa Fe (16%), R\u00edo Negro (15,3%), Mendoza (13,9%), C\u00f3rdoba (13,6%) y la provincia de Buenos Aires (13,6%).<\/p>\n","protected":false},"excerpt":{"rendered":"<p>\u201cSe registran costos internos de producci\u00f3n muy altos y depresi\u00f3n en los mercados de colocaci\u00f3n de productos en el plano internacional, adem\u00e1s de un retraso cambiario evidente por lo que el reclamo apunta a pol\u00edticas orientadas a devolver rentabilidad\u201d, dijo. En declaraciones a radio Am\u00e9rica, el empresario advirti\u00f3 que si no se encuentran soluciones, se [&hellip;]<\/p>\n","protected":false},"author":1,"featured_media":17221,"comment_status":"open","ping_status":"open","sticky":false,"template":"","format":"standard","meta":{"_stopmodifiedupdate":false,"_modified_date":"","inline_featured_image":false,"spay_email":"","jetpack_publicize_message":""},"categories":[485],"tags":[],"jetpack_featured_media_url":"https:\/\/notinor.com\/jujuy\/wp-content\/uploads\/2015\/02\/36501_Foto_20_de_septiembre_01.jpg","jetpack_publicize_connections":[],"_links":{"self":[{"href":"https:\/\/notinor.com\/jujuy\/wp-json\/wp\/v2\/posts\/17220"}],"collection":[{"href":"https:\/\/notinor.com\/jujuy\/wp-json\/wp\/v2\/posts"}],"about":[{"href":"https:\/\/notinor.com\/jujuy\/wp-json\/wp\/v2\/types\/post"}],"author":[{"embeddable":true,"href":"https:\/\/notinor.com\/jujuy\/wp-json\/wp\/v2\/users\/1"}],"replies":[{"embeddable":true,"href":"https:\/\/notinor.com\/jujuy\/wp-json\/wp\/v2\/comments?post=17220"}],"version-history":[{"count":1,"href":"https:\/\/notinor.com\/jujuy\/wp-json\/wp\/v2\/posts\/17220\/revisions"}],"predecessor-version":[{"id":17222,"href":"https:\/\/notinor.com\/jujuy\/wp-json\/wp\/v2\/posts\/17220\/revisions\/17222"}],"wp:featuredmedia":[{"embeddable":true,"href":"https:\/\/notinor.com\/jujuy\/wp-json\/wp\/v2\/media\/17221"}],"wp:attachment":[{"href":"https:\/\/notinor.com\/jujuy\/wp-json\/wp\/v2\/media?parent=17220"}],"wp:term":[{"taxonomy":"category","embeddable":true,"href":"https:\/\/notinor.com\/jujuy\/wp-json\/wp\/v2\/categories?post=17220"},{"taxonomy":"post_tag","embeddable":true,"href":"https:\/\/notinor.com\/jujuy\/wp-json\/wp\/v2\/tags?post=17220"}],"curies":[{"name":"wp","href":"https:\/\/api.w.org\/{rel}","templated":true}]}}