{"id":17214,"date":"2015-02-22T04:19:57","date_gmt":"2015-02-22T07:19:57","guid":{"rendered":"http:\/\/notinor.com\/jujuy\/?p=17214"},"modified":"2015-02-22T04:19:57","modified_gmt":"2015-02-22T07:19:57","slug":"a-un-paso-del-oscar-perder-no-arruina-recorrido-de-relatos-salvajes","status":"publish","type":"post","link":"https:\/\/notinor.com\/jujuy\/a-un-paso-del-oscar-perder-no-arruina-recorrido-de-relatos-salvajes\/","title":{"rendered":"A un paso del Oscar  \"Perder no arruina recorrido de \"Relatos Salvajes\""},"content":{"rendered":"<p>As\u00ed lo asegur\u00f3 su director, Dami\u00e1n Szifr\u00f3n, quien conquist\u00f3 al p\u00fablico de todo el mundo con una cinta que entrelaza seis historias cargadas de violencia y humor negro. Recibi\u00f3 un Goya y una ovaci\u00f3n en Cannes.<\/p>\n<p>El director Dami\u00e1n Szifr\u00f3n vive con \"mucha felicidad\" las horas previas a la gala del domingo, en la que puede dar a la Argentina su tercera estatuilla dorada con \"Relatos salvajes\", pero \"perder el \u00d3scar no arruina el recorrido de la pel\u00edcula\", afirm\u00f3 este viernes.<\/p>\n<p>\"Esto fue como cumplir a\u00f1os 14 veces (...) fue un placer hacer esta pel\u00edcula y una de las razones por las que funcion\u00f3 es por el elenco\", formado por Ricardo Dar\u00edn, Leonardo Sbaraglia, \u00c9rica Rivas y Mar\u00eda Marull entre otros, explic\u00f3 el cineasta durante una rueda de prensa en Hollywood.<\/p>\n<p>El domingo se ver\u00e1 la cara en el teatro Dolby de Hollywood con la polaca \"Ida\", la rusa \"Leviat\u00e1n\", la estonia \"Mandariinid\" y la mauritana \"Timbuktu\", las otras nominadas.<\/p>\n<p>\"Todo el mundo tiene su favorita, pero entre los directores nominados reina la camarader\u00eda, la amistad.<\/p>\n<p>Nos gustan nuestras pel\u00edculas mutuamente. Pero uno prefiere ganar que perder\", dijo el director argentino con mucho humor.<\/p>\n<p>La candidatura ha sido por s\u00ed sola un premio para todo el equipo, porque \"abre muchas puertas a la pel\u00edcula y a la gente\" que trabaja en ella. AFP-NA.<\/p>\n","protected":false},"excerpt":{"rendered":"<p>As\u00ed lo asegur\u00f3 su director, Dami\u00e1n Szifr\u00f3n, quien conquist\u00f3 al p\u00fablico de todo el mundo con una cinta que entrelaza seis historias cargadas de violencia y humor negro. Recibi\u00f3 un Goya y una ovaci\u00f3n en Cannes. El director Dami\u00e1n Szifr\u00f3n vive con \"mucha felicidad\" las horas previas a la gala del domingo, en la que [&hellip;]<\/p>\n","protected":false},"author":1,"featured_media":17215,"comment_status":"open","ping_status":"open","sticky":false,"template":"","format":"standard","meta":{"_stopmodifiedupdate":false,"_modified_date":"","inline_featured_image":false,"spay_email":"","jetpack_publicize_message":""},"categories":[21],"tags":[],"jetpack_featured_media_url":"https:\/\/notinor.com\/jujuy\/wp-content\/uploads\/2015\/02\/oscar.jpg","jetpack_publicize_connections":[],"_links":{"self":[{"href":"https:\/\/notinor.com\/jujuy\/wp-json\/wp\/v2\/posts\/17214"}],"collection":[{"href":"https:\/\/notinor.com\/jujuy\/wp-json\/wp\/v2\/posts"}],"about":[{"href":"https:\/\/notinor.com\/jujuy\/wp-json\/wp\/v2\/types\/post"}],"author":[{"embeddable":true,"href":"https:\/\/notinor.com\/jujuy\/wp-json\/wp\/v2\/users\/1"}],"replies":[{"embeddable":true,"href":"https:\/\/notinor.com\/jujuy\/wp-json\/wp\/v2\/comments?post=17214"}],"version-history":[{"count":1,"href":"https:\/\/notinor.com\/jujuy\/wp-json\/wp\/v2\/posts\/17214\/revisions"}],"predecessor-version":[{"id":17216,"href":"https:\/\/notinor.com\/jujuy\/wp-json\/wp\/v2\/posts\/17214\/revisions\/17216"}],"wp:featuredmedia":[{"embeddable":true,"href":"https:\/\/notinor.com\/jujuy\/wp-json\/wp\/v2\/media\/17215"}],"wp:attachment":[{"href":"https:\/\/notinor.com\/jujuy\/wp-json\/wp\/v2\/media?parent=17214"}],"wp:term":[{"taxonomy":"category","embeddable":true,"href":"https:\/\/notinor.com\/jujuy\/wp-json\/wp\/v2\/categories?post=17214"},{"taxonomy":"post_tag","embeddable":true,"href":"https:\/\/notinor.com\/jujuy\/wp-json\/wp\/v2\/tags?post=17214"}],"curies":[{"name":"wp","href":"https:\/\/api.w.org\/{rel}","templated":true}]}}