{"id":17206,"date":"2015-02-22T04:06:48","date_gmt":"2015-02-22T07:06:48","guid":{"rendered":"http:\/\/notinor.com\/jujuy\/?p=17206"},"modified":"2015-02-23T13:10:10","modified_gmt":"2015-02-23T16:10:10","slug":"conoce-las-lineas-de-transporte-para-la-nueva-terminal-de-omnibus","status":"publish","type":"post","link":"https:\/\/notinor.com\/jujuy\/conoce-las-lineas-de-transporte-para-la-nueva-terminal-de-omnibus\/","title":{"rendered":"Conoce las L\u00edneas de transporte que llegaran a la nueva Terminal de \u00d3mnibus"},"content":{"rendered":"<p>La Secretaria de Servicios P\u00fablicos \u00a0de la Municipalidad de San Salvador de Jujuy a trav\u00e9s de la Direcci\u00f3n General de Tr\u00e1nsito y Transporte del municipio capitalino hizo referencia a la nueva diagramaci\u00f3n de unidades de transportes para el acceso a la nueva Terminal de \u00d3mnibus.<\/p>\n<p>El Director General de Transito Y Transporte de la Municipalidad de San Salvador de Jujuy, Federico Lobo detallo que \u201cdesde el a\u00f1o pasado estamos trabajando con un diagrama de las primeras l\u00edneas que ingresan a la zona de la nueva terminal. Actualmente hay 13 l\u00edneas nuevas desde los distintos barrios en este nuevo diagrama para los vecinos de la ciudad. Las empresas son Etap a trav\u00e9s de las l\u00edneas 11A y 11D. La empresa El Salvador a trav\u00e9s de la l\u00ednea 18\u00aa. La Empresa Santa Ana con la l\u00ednea 4A-8B1 y 8B2. Cooperativa Uni\u00f3n Bus con la l\u00ednea 11C, 44Viv y 18B. Empresa El Urbano con la l\u00ednea 8Ay 8B y por \u00faltimo la Empresa San Jorge con la l\u00ednea 19, logrando as\u00ed la conectividad necesaria de todos los barrios de San Salvador de Jujuy para que tengan cubierto tanto la ida como la vuelta hacia la nueva terminal\u201d<\/p>\n<p>Lobo recalc\u00f3: \u00a0\u201cComunicamos a los vecinos que el nuevo diagrama se implantar\u00e1 desde el pr\u00f3ximo\u00a0 d\u00eda martes 24 de febrero a las 00hs\u201d.<\/p>\n<p><a href=\"http:\/\/notinor.com\/jujuy\/wp-content\/uploads\/2015\/02\/recorrido-2.jpg\"><img decoding=\"async\" loading=\"lazy\" class=\"aligncenter wp-image-17207 size-full\" src=\"http:\/\/notinor.com\/jujuy\/wp-content\/uploads\/2015\/02\/recorrido-2.jpg\" alt=\"recorrido 2\" width=\"766\" height=\"471\" srcset=\"https:\/\/notinor.com\/jujuy\/wp-content\/uploads\/2015\/02\/recorrido-2.jpg 766w, https:\/\/notinor.com\/jujuy\/wp-content\/uploads\/2015\/02\/recorrido-2-300x184.jpg 300w, https:\/\/notinor.com\/jujuy\/wp-content\/uploads\/2015\/02\/recorrido-2-408x250.jpg 408w\" sizes=\"(max-width: 766px) 100vw, 766px\" \/><\/a><\/p>\n<p>&nbsp;<\/p>\n<p><a href=\"http:\/\/notinor.com\/jujuy\/wp-content\/uploads\/2015\/02\/recorrido-1.jpg\"><img decoding=\"async\" loading=\"lazy\" class=\"aligncenter wp-image-17208 size-full\" src=\"http:\/\/notinor.com\/jujuy\/wp-content\/uploads\/2015\/02\/recorrido-1.jpg\" alt=\"recorrido 1\" width=\"879\" height=\"471\" srcset=\"https:\/\/notinor.com\/jujuy\/wp-content\/uploads\/2015\/02\/recorrido-1.jpg 879w, https:\/\/notinor.com\/jujuy\/wp-content\/uploads\/2015\/02\/recorrido-1-300x160.jpg 300w\" sizes=\"(max-width: 879px) 100vw, 879px\" \/><\/a><\/p>\n","protected":false},"excerpt":{"rendered":"<p>La Secretaria de Servicios P\u00fablicos \u00a0de la Municipalidad de San Salvador de Jujuy a trav\u00e9s de la Direcci\u00f3n General de Tr\u00e1nsito y Transporte del municipio capitalino hizo referencia a la nueva diagramaci\u00f3n de unidades de transportes para el acceso a la nueva Terminal de \u00d3mnibus. El Director General de Transito Y Transporte de la Municipalidad [&hellip;]<\/p>\n","protected":false},"author":1,"featured_media":17209,"comment_status":"open","ping_status":"open","sticky":false,"template":"","format":"standard","meta":{"_stopmodifiedupdate":false,"_modified_date":"","inline_featured_image":false,"spay_email":"","jetpack_publicize_message":""},"categories":[2],"tags":[],"jetpack_featured_media_url":"https:\/\/notinor.com\/jujuy\/wp-content\/uploads\/2015\/02\/nueva-terminal-de-omnibus-de-jujuy_16168.jpg","jetpack_publicize_connections":[],"_links":{"self":[{"href":"https:\/\/notinor.com\/jujuy\/wp-json\/wp\/v2\/posts\/17206"}],"collection":[{"href":"https:\/\/notinor.com\/jujuy\/wp-json\/wp\/v2\/posts"}],"about":[{"href":"https:\/\/notinor.com\/jujuy\/wp-json\/wp\/v2\/types\/post"}],"author":[{"embeddable":true,"href":"https:\/\/notinor.com\/jujuy\/wp-json\/wp\/v2\/users\/1"}],"replies":[{"embeddable":true,"href":"https:\/\/notinor.com\/jujuy\/wp-json\/wp\/v2\/comments?post=17206"}],"version-history":[{"count":2,"href":"https:\/\/notinor.com\/jujuy\/wp-json\/wp\/v2\/posts\/17206\/revisions"}],"predecessor-version":[{"id":17336,"href":"https:\/\/notinor.com\/jujuy\/wp-json\/wp\/v2\/posts\/17206\/revisions\/17336"}],"wp:featuredmedia":[{"embeddable":true,"href":"https:\/\/notinor.com\/jujuy\/wp-json\/wp\/v2\/media\/17209"}],"wp:attachment":[{"href":"https:\/\/notinor.com\/jujuy\/wp-json\/wp\/v2\/media?parent=17206"}],"wp:term":[{"taxonomy":"category","embeddable":true,"href":"https:\/\/notinor.com\/jujuy\/wp-json\/wp\/v2\/categories?post=17206"},{"taxonomy":"post_tag","embeddable":true,"href":"https:\/\/notinor.com\/jujuy\/wp-json\/wp\/v2\/tags?post=17206"}],"curies":[{"name":"wp","href":"https:\/\/api.w.org\/{rel}","templated":true}]}}