{"id":17203,"date":"2015-02-22T04:03:10","date_gmt":"2015-02-22T07:03:10","guid":{"rendered":"http:\/\/notinor.com\/jujuy\/?p=17203"},"modified":"2015-02-22T04:03:10","modified_gmt":"2015-02-22T07:03:10","slug":"nueva-terminal-la-municipalidad-garantiza-la-plena-conectividad-de-los-barrios","status":"publish","type":"post","link":"https:\/\/notinor.com\/jujuy\/nueva-terminal-la-municipalidad-garantiza-la-plena-conectividad-de-los-barrios\/","title":{"rendered":"Nueva Terminal: La Municipalidad garantiza la plena conectividad de los barrios"},"content":{"rendered":"<p>Sobre el pr\u00f3ximo traslado de todos los servicios hacia la nueva Terminal de \u00d3mnibus, la Municipalidad de San Salvador de Jujuy, trabaj\u00f3 en el diagrama de conectividad del transporte urbano, desde los distintos barrios de la ciudad, hacia y desde la nueva Terminal.<\/p>\n<p>Al respecto, el Secretario de Servicios P\u00fablicos, de la Municipalidad de San Salvador de Jujuy, Guillermo Marenco, destac\u00f3 los trabajos que se llevan a cabo desde septiembre pasado sobre la plena conectividad con los distintos sectores de la ciudad \u201cde acuerdo a las \u00faltimas reuniones mantenidas con la Direcci\u00f3n Provincial de Transporte y el equipo t\u00e9cnico de este municipio, de acuerdo a las distintas fechas alternativas que se fueron suscitando, sobre el traslado de la vieja a la nueva terminal se va a cumplimentar el trabajo\u201d.<\/p>\n<p>En este marco detall\u00f3 el funcionario \u201cse especific\u00f3 que el 26 de febrero, se estar\u00eda concretando el traspaso del funcionamiento a pleno de la nueva Terminal de \u00d3mnibus, en virtud de ello, en un esfuerzo muy grande por parte del equipo t\u00e9cnico de la Direcci\u00f3n de Tr\u00e1nsito y Transporte de la comuna capitalina, se avanz\u00f3 en el presente diagrama\u201d<\/p>\n<p>Sobre este estudio y ejecuci\u00f3n el funcionario aclar\u00f3 \u201cresponde a un expreso pedido del Intendente Ra\u00fal Jorge, brindar los servicios necesarios a la comunidad, por ello hemos realizado un diagrama muy importante que no se est\u00e1 dando en ninguna ciudad capital del pa\u00eds, logrando la conectividad de todos los barrios de San Salvador de Jujuy, tanto de ida como de regreso por la Nueva Estaci\u00f3n\u201d.<\/p>\n<p>M\u00e1s adelante detall\u00f3 el Secretario de Servicios P\u00fablicos \u201cestamos transmitiendo que a partir de este momento, para la tranquilidad de cada uno de los vecinos de Alto, Bajo La Vi\u00f1a, Chijra, Reyes, Barrios Norte, Mariano Moreno, Cuyaya, Punta Diamante, Belgrano, es decir todos los sectores de San Salvador de Jujuy, podr\u00e1n hacer uso del transporte p\u00fablico de pasajeros, para dirigirse o regresar desde la Terminal de \u00d3mnibus hasta sus hogares\u201d.<\/p>\n<p>En este sentido precis\u00f3 \u201csimplemente van a tener que seguir las indicaciones de las unidades de transporte que van a llevar la leyenda Servicio que ingresa a la Terminal de \u00d3mnibus y otros servicios que pasan por las proximidades de dicha Terminal y estacionan a la altura de las pasarelas\u201d.<\/p>\n<p>De esta manera desde el municipio capitalino se colabora \u00edntegramente con el proyecto de la Nueva Terminal de \u00d3mnibus \u201cen el marco del acuerdo que hicieron el Intendente Ra\u00fal \u201cChuli\u201d Jorge, con el Gobernador de la Provincia, entendiendo que se trata de una pol\u00edtica de estado, que en definitiva no hace m\u00e1s que demostrar la actitud permanente de este gobierno municipal, para con los vecinos de nuestra capital\u201d.<\/p>\n","protected":false},"excerpt":{"rendered":"<p>Sobre el pr\u00f3ximo traslado de todos los servicios hacia la nueva Terminal de \u00d3mnibus, la Municipalidad de San Salvador de Jujuy, trabaj\u00f3 en el diagrama de conectividad del transporte urbano, desde los distintos barrios de la ciudad, hacia y desde la nueva Terminal. Al respecto, el Secretario de Servicios P\u00fablicos, de la Municipalidad de San [&hellip;]<\/p>\n","protected":false},"author":1,"featured_media":17204,"comment_status":"open","ping_status":"open","sticky":false,"template":"","format":"standard","meta":{"_stopmodifiedupdate":false,"_modified_date":"","inline_featured_image":false,"spay_email":"","jetpack_publicize_message":""},"categories":[2],"tags":[],"jetpack_featured_media_url":"https:\/\/notinor.com\/jujuy\/wp-content\/uploads\/2015\/02\/Conectividad-de-servicio-de-transporte.jpg","jetpack_publicize_connections":[],"_links":{"self":[{"href":"https:\/\/notinor.com\/jujuy\/wp-json\/wp\/v2\/posts\/17203"}],"collection":[{"href":"https:\/\/notinor.com\/jujuy\/wp-json\/wp\/v2\/posts"}],"about":[{"href":"https:\/\/notinor.com\/jujuy\/wp-json\/wp\/v2\/types\/post"}],"author":[{"embeddable":true,"href":"https:\/\/notinor.com\/jujuy\/wp-json\/wp\/v2\/users\/1"}],"replies":[{"embeddable":true,"href":"https:\/\/notinor.com\/jujuy\/wp-json\/wp\/v2\/comments?post=17203"}],"version-history":[{"count":1,"href":"https:\/\/notinor.com\/jujuy\/wp-json\/wp\/v2\/posts\/17203\/revisions"}],"predecessor-version":[{"id":17205,"href":"https:\/\/notinor.com\/jujuy\/wp-json\/wp\/v2\/posts\/17203\/revisions\/17205"}],"wp:featuredmedia":[{"embeddable":true,"href":"https:\/\/notinor.com\/jujuy\/wp-json\/wp\/v2\/media\/17204"}],"wp:attachment":[{"href":"https:\/\/notinor.com\/jujuy\/wp-json\/wp\/v2\/media?parent=17203"}],"wp:term":[{"taxonomy":"category","embeddable":true,"href":"https:\/\/notinor.com\/jujuy\/wp-json\/wp\/v2\/categories?post=17203"},{"taxonomy":"post_tag","embeddable":true,"href":"https:\/\/notinor.com\/jujuy\/wp-json\/wp\/v2\/tags?post=17203"}],"curies":[{"name":"wp","href":"https:\/\/api.w.org\/{rel}","templated":true}]}}