{"id":17129,"date":"2015-02-21T00:00:04","date_gmt":"2015-02-21T03:00:04","guid":{"rendered":"http:\/\/notinor.com\/jujuy\/?p=17129"},"modified":"2015-02-20T22:41:13","modified_gmt":"2015-02-21T01:41:13","slug":"serrat-vendra-en-marzo-a-la-argentina","status":"publish","type":"post","link":"https:\/\/notinor.com\/jujuy\/serrat-vendra-en-marzo-a-la-argentina\/","title":{"rendered":"Serrat vendr\u00e1 en marzo a la Argentina"},"content":{"rendered":"<p>El catal\u00e1n celebra sus 50 a\u00f1os sobre los escenarios con un collar de 50 canciones, una por cada a\u00f1o, en un trabajo que el artista describi\u00f3 como \"artesanal\" y que entre el 6 y el 14 de marzo presentar\u00e1 en Buenos Aires, previo a su gira por distintas ciudades del pa\u00eds.<\/p>\n<p>&nbsp;<\/p>\n<p>\"Lo realic\u00e9 personalmente con una disciplina absoluta, sin ninguna discogr\u00e1fica detr\u00e1s\" dijo en charla con T\u00e9lam y anunci\u00f3 que vendr\u00e1 a presentarlo desde el viernes 6 de marzo con una serie de recitales en distintos puntos del pa\u00eds y que se extender\u00e1n hasta el 13 de abril.<\/p>\n<p>&nbsp;<\/p>\n<p>Una caja con cuatro discos es el container de \"Antolog\u00eda...\", pero el artista que estren\u00f3 en p\u00fablico su itinerario po\u00e9tico dentro del estudio Toreski de Radio Barcelona en 1965, duda al intentar dar cuenta del proceso creativo porque, \"c\u00f3mo hacer para explicarlo, fue arrancar una historia que yo no sab\u00eda c\u00f3mo, d\u00f3nde iba a ir a parar\".<\/p>\n<p>&nbsp;<\/p>\n<p>El autor de m\u00e1s 600 canciones, muchas de ellas grabadas en el imaginario de legiones, 60 \u00e1lbumes y preciso hacedor de homenajes a poetas hispanos como Miguel Hern\u00e1ndez, quien muri\u00f3 a los 31 a\u00f1os en las c\u00e1rceles franquistas y al gran Antonio Machado, descart\u00f3 lo cronol\u00f3gico como criterio para la selecci\u00f3n de este repertorio.<\/p>\n<p>&nbsp;<\/p>\n<p>Dentro del elenco de letras seleccionadas del trabajo musical, se encuentra la linda versi\u00f3n de \"Aquellas peque\u00f1as cosas\" realizada junto a Mercedes Sosa.<\/p>\n<p>En su derrotero, visitar\u00e1 Mendoza el lunes 16; el mi\u00e9rcoles 18 estar\u00e1 en Neuqu\u00e9n; el s\u00e1bado 21 y el domingo 22, se presentar\u00e1 en La Plata; el martes 24 y el mi\u00e9rcoles 25 har\u00e1 de las suyas en Rosario; el viernes 27 cantar\u00e1 en C\u00f3rdoba; mientras que el s\u00e1bado 4 abril tocar\u00e1 en Mar del Plata; el viernes 10 y el s\u00e1bado 11 estar\u00e1 en Tucum\u00e1n, y cerrar\u00e1 la gira en Salta, el lunes 13 de abril.<\/p>\n<p>&nbsp;<\/p>\n<p>Aunque no hay precisiones acerca de invitados posibles para sus fechas aqu\u00ed, el m\u00fasico Ricardo Mollo se ocup\u00f3 de reunir a un numeroso grupo de cantantes argentinos bautizado Resaca sudaca.<\/p>\n<p>&nbsp;<\/p>\n<p>V\u00edctor Heredia, Le\u00f3n Gieco, Celeste Carballo, C\u00e9sar Isella, Patricia Sosa, Adriana Varela, Alejandro Dolina junto a Mollo integran la banda que grab\u00f3 la versi\u00f3n de \"Fiesta\" en el disco, y se espera que varios de ellos puedan acompa\u00f1arlo sobre el escenario.<\/p>\n<p>&nbsp;<\/p>\n<p>Tanto despliegue de acordes y poes\u00eda alejan los fantasmas de un posible retiro, y consultado al respecto, el artista envuelve la respuesta en una risa socarrona y concluye, \"yo llegu\u00e9 discretamente a esto y me ir\u00e9 discretamente\".<\/p>\n","protected":false},"excerpt":{"rendered":"<p>El catal\u00e1n celebra sus 50 a\u00f1os sobre los escenarios con un collar de 50 canciones, una por cada a\u00f1o, en un trabajo que el artista describi\u00f3 como \"artesanal\" y que entre el 6 y el 14 de marzo presentar\u00e1 en Buenos Aires, previo a su gira por distintas ciudades del pa\u00eds. &nbsp; \"Lo realic\u00e9 personalmente [&hellip;]<\/p>\n","protected":false},"author":1,"featured_media":17131,"comment_status":"open","ping_status":"open","sticky":false,"template":"","format":"standard","meta":{"_stopmodifiedupdate":false,"_modified_date":"","inline_featured_image":false,"spay_email":"","jetpack_publicize_message":""},"categories":[21],"tags":[],"jetpack_featured_media_url":"https:\/\/notinor.com\/jujuy\/wp-content\/uploads\/2015\/02\/serrat1.jpg","jetpack_publicize_connections":[],"_links":{"self":[{"href":"https:\/\/notinor.com\/jujuy\/wp-json\/wp\/v2\/posts\/17129"}],"collection":[{"href":"https:\/\/notinor.com\/jujuy\/wp-json\/wp\/v2\/posts"}],"about":[{"href":"https:\/\/notinor.com\/jujuy\/wp-json\/wp\/v2\/types\/post"}],"author":[{"embeddable":true,"href":"https:\/\/notinor.com\/jujuy\/wp-json\/wp\/v2\/users\/1"}],"replies":[{"embeddable":true,"href":"https:\/\/notinor.com\/jujuy\/wp-json\/wp\/v2\/comments?post=17129"}],"version-history":[{"count":1,"href":"https:\/\/notinor.com\/jujuy\/wp-json\/wp\/v2\/posts\/17129\/revisions"}],"predecessor-version":[{"id":17132,"href":"https:\/\/notinor.com\/jujuy\/wp-json\/wp\/v2\/posts\/17129\/revisions\/17132"}],"wp:featuredmedia":[{"embeddable":true,"href":"https:\/\/notinor.com\/jujuy\/wp-json\/wp\/v2\/media\/17131"}],"wp:attachment":[{"href":"https:\/\/notinor.com\/jujuy\/wp-json\/wp\/v2\/media?parent=17129"}],"wp:term":[{"taxonomy":"category","embeddable":true,"href":"https:\/\/notinor.com\/jujuy\/wp-json\/wp\/v2\/categories?post=17129"},{"taxonomy":"post_tag","embeddable":true,"href":"https:\/\/notinor.com\/jujuy\/wp-json\/wp\/v2\/tags?post=17129"}],"curies":[{"name":"wp","href":"https:\/\/api.w.org\/{rel}","templated":true}]}}