{"id":170073,"date":"2018-04-19T07:54:35","date_gmt":"2018-04-19T10:54:35","guid":{"rendered":"http:\/\/notinor.com\/jujuy\/?p=170073"},"modified":"2018-04-19T15:16:59","modified_gmt":"2018-04-19T18:16:59","slug":"haquim-anticipo-el-boom-economico-que-generaran-estas-zonas-de-exencion-tributaria","status":"publish","type":"post","link":"https:\/\/notinor.com\/jujuy\/haquim-anticipo-el-boom-economico-que-generaran-estas-zonas-de-exencion-tributaria\/","title":{"rendered":"Haquim anticip\u00f3 el boom econ\u00f3mico que generar\u00e1n estas zonas de exenci\u00f3n tributaria"},"content":{"rendered":"<p><img decoding=\"async\" loading=\"lazy\" class=\"alignnone size-medium wp-image-121423\" src=\"http:\/\/notinor.com\/jujuy\/wp-content\/uploads\/2017\/06\/Carlos-Haquim-300x225.jpeg\" alt=\"\" width=\"300\" height=\"225\" srcset=\"https:\/\/notinor.com\/jujuy\/wp-content\/uploads\/2017\/06\/Carlos-Haquim-300x225.jpeg 300w, https:\/\/notinor.com\/jujuy\/wp-content\/uploads\/2017\/06\/Carlos-Haquim.jpeg 900w\" sizes=\"(max-width: 300px) 100vw, 300px\" \/><\/p>\n<p>&nbsp;<\/p>\n<p>La segunda zona franca anunciada en La Quiaca tiene caracter\u00edsticas particulares, se destinaron 1300 hect\u00e1reas, contempla el comercio minoristas y tendr\u00e1 una planta de energ\u00eda solar de 10 megavatios.<\/p>\n<p>\"La zona franca es una herramienta que si la sabemos usar, si la tomamos con seriedad, nos va a cambiar la vida\" reflexion\u00f3 en una entrevista radial el Vicegobernador. Permitir\u00e1 el desarrollo de una zona \"que de otra manera no podr\u00eda desarrollarse y adem\u00e1s pone a Jujuy en un lugar estrat\u00e9gico\".<\/p>\n<p>Los beneficios de comprar mercader\u00eda barata en Chile, Bolivia y Paraguay generan que el dinero salga de nuestra provincia, con esta zona franca se concentrar\u00edan las inversiones y podr\u00edamos atraer clientes internos que no necesiten viajar a otro pa\u00eds.<\/p>\n<p>Para Haquim contemplar la venta minorista significa \"m\u00e1s que el litio\" por el movimiento econ\u00f3mico. \"Tenemos la posibilidad que todo ese consumo se concentre en La Quiaca, no va tener sentido irse a Calama, a Iquique, ni siquiera a Villaz\u00f3n todos los argentinos van a poder comprar en La Quiaca\".<\/p>\n<p>Los juje\u00f1os tendr\u00e1n algunos beneficios extras. La franquicia ser\u00e1 de 600 d\u00f3lares, incluso se pueden acumular hasta en 4 meses, es decir 2400 d\u00f3lares, y tambi\u00e9n est\u00e1 habilitado acumular por grupo familiar. Si son menores de 18 tienen un 50%.<\/p>\n<p>Otro dato de la Zona Franca de la puna es que habilita un sector de servicios en el que se puede incluir, por ejemplo, salud y educaci\u00f3n. Haquim habl\u00f3 de centros con aparatolog\u00eda de complejidad, implantes y cirug\u00edas est\u00e9ticas.<\/p>\n<p>\"Sin tributos de importaci\u00f3n y sin IVA\" los juje\u00f1os podr\u00edamos contar con tecnolog\u00eda de avanzada en centros especializados que se instalen en el \u00e1rea de servicios de la zona franca por ello es que pide que \"los juje\u00f1os abran la mente y los empresarios se preparen. Hay que crear infraestructura, organizar tour de compras, instalar hoteles 4 o 5 estrellas, construir estacionamientos. Ese es el pensamiento que tenemos que tener para receptar el turismo. Los tour de compras deber\u00e1n pasar por Purmamarca y por San Salvador, se debe pensar estrat\u00e9gicamente\".<\/p>\n<p>\"Con esto vamos a generar trabajo, movimiento en la actividad econ\u00f3mica, hay que dotar a La Quiaca de comodidades y los atractivos de una ciudad, y por supuesto de la comunicaci\u00f3n y conectividad necesaria\".<\/p>\n<p>Finalmente habl\u00f3 de los tiempos administrativos para concretar el sue\u00f1o de la Zona Franca \"el borrador del reglamento est\u00e1 casi terminando lo hemos trabajado con el gobernador y una Comisi\u00f3n de Evaluaci\u00f3n, la semana pr\u00f3xima se lleva el reglamento al Ministerio de Producci\u00f3n que es el organismo que debe aprobarlo. Con el reglamento se viaja a Buenos Aires. Estimamos que la licitaci\u00f3n nacional e internacional pueda hacerse a mitad de a\u00f1o\".<\/p>\n<p>\"Posiblemente est\u00e9 culminada en dos o tres a\u00f1os, pero trabajamos a futuro, no podemos vivir en la inmediatez, esto lleva tiempo, pero sin dudas va a ser parte de las soluciones que necesitamos para Jujuy\" se\u00f1al\u00f3.<\/p>\n<p>Concluy\u00f3 convocando a todos a empujar este proyecto, se\u00f1ero para el gobierno, \"va a ser el centro de atracci\u00f3n de consumo de todo el NOA y NEA, es por eso que la Zona Franca va a cambiar la realidad de Jujuy. Los empresarios y emprendedores van a tener que abrir la cabeza para desarrollar todo lo que vamos a necesitar\".<\/p>\n","protected":false},"excerpt":{"rendered":"<p>&nbsp; La segunda zona franca anunciada en La Quiaca tiene caracter\u00edsticas particulares, se destinaron 1300 hect\u00e1reas, contempla el comercio minoristas y tendr\u00e1 una planta de energ\u00eda solar de 10 megavatios. \"La zona franca es una herramienta que si la sabemos usar, si la tomamos con seriedad, nos va a cambiar la vida\" reflexion\u00f3 en una [&hellip;]<\/p>\n","protected":false},"author":1,"featured_media":112308,"comment_status":"open","ping_status":"open","sticky":false,"template":"","format":"standard","meta":{"_stopmodifiedupdate":false,"_modified_date":"","inline_featured_image":false,"spay_email":"","jetpack_publicize_message":""},"categories":[514,489,501],"tags":[],"jetpack_featured_media_url":"https:\/\/notinor.com\/jujuy\/wp-content\/uploads\/2017\/04\/haquim-2-e1499817676940.jpg","jetpack_publicize_connections":[],"_links":{"self":[{"href":"https:\/\/notinor.com\/jujuy\/wp-json\/wp\/v2\/posts\/170073"}],"collection":[{"href":"https:\/\/notinor.com\/jujuy\/wp-json\/wp\/v2\/posts"}],"about":[{"href":"https:\/\/notinor.com\/jujuy\/wp-json\/wp\/v2\/types\/post"}],"author":[{"embeddable":true,"href":"https:\/\/notinor.com\/jujuy\/wp-json\/wp\/v2\/users\/1"}],"replies":[{"embeddable":true,"href":"https:\/\/notinor.com\/jujuy\/wp-json\/wp\/v2\/comments?post=170073"}],"version-history":[{"count":1,"href":"https:\/\/notinor.com\/jujuy\/wp-json\/wp\/v2\/posts\/170073\/revisions"}],"predecessor-version":[{"id":170074,"href":"https:\/\/notinor.com\/jujuy\/wp-json\/wp\/v2\/posts\/170073\/revisions\/170074"}],"wp:featuredmedia":[{"embeddable":true,"href":"https:\/\/notinor.com\/jujuy\/wp-json\/wp\/v2\/media\/112308"}],"wp:attachment":[{"href":"https:\/\/notinor.com\/jujuy\/wp-json\/wp\/v2\/media?parent=170073"}],"wp:term":[{"taxonomy":"category","embeddable":true,"href":"https:\/\/notinor.com\/jujuy\/wp-json\/wp\/v2\/categories?post=170073"},{"taxonomy":"post_tag","embeddable":true,"href":"https:\/\/notinor.com\/jujuy\/wp-json\/wp\/v2\/tags?post=170073"}],"curies":[{"name":"wp","href":"https:\/\/api.w.org\/{rel}","templated":true}]}}