{"id":170007,"date":"2018-04-18T20:02:16","date_gmt":"2018-04-18T23:02:16","guid":{"rendered":"http:\/\/notinor.com\/jujuy\/?p=170007"},"modified":"2018-04-18T20:04:35","modified_gmt":"2018-04-18T23:04:35","slug":"170007-2","status":"publish","type":"post","link":"https:\/\/notinor.com\/jujuy\/170007-2\/","title":{"rendered":"Los puntos m\u00e1s fuertes de la defensa del intendente Jorge"},"content":{"rendered":"<p><img decoding=\"async\" loading=\"lazy\" class=\"alignnone size-medium wp-image-170009\" src=\"http:\/\/notinor.com\/jujuy\/wp-content\/uploads\/2018\/04\/FACUNDO-CHA\u00d1I-649x365.jpg\" alt=\"\" width=\"649\" height=\"365\" srcset=\"https:\/\/notinor.com\/jujuy\/wp-content\/uploads\/2018\/04\/FACUNDO-CHA\u00d1I-649x365.jpg 649w, https:\/\/notinor.com\/jujuy\/wp-content\/uploads\/2018\/04\/FACUNDO-CHA\u00d1I-500x280.jpg 500w, https:\/\/notinor.com\/jujuy\/wp-content\/uploads\/2018\/04\/FACUNDO-CHA\u00d1I-768x432.jpg 768w, https:\/\/notinor.com\/jujuy\/wp-content\/uploads\/2018\/04\/FACUNDO-CHA\u00d1I-840x473.jpg 840w, https:\/\/notinor.com\/jujuy\/wp-content\/uploads\/2018\/04\/FACUNDO-CHA\u00d1I.jpg 1280w\" sizes=\"(max-width: 649px) 100vw, 649px\" \/><\/p>\n<p>Seg\u00fan Cha\u00f1i, \u201cel intendente brindo precisiones acerca de los t\u00e9rminos de la imputaci\u00f3n y declaraciones que aclaran la situaci\u00f3n que se viv\u00eda con la T\u00fapac Amaru y cuestiones t\u00e9cnicas \u00a0que hacen a su derecho de defensa\u201d.<\/p>\n<p>Asegur\u00f3 que \u201cuno de los argumentos m\u00e1s fuertes de la defensa es que no hay que considerar al intendente, en este caso como jefe del ejecutivo municipal sino a los efectos penales, \u00fanicamente como un ejecutor personal de las diferentes actividades\u201d.<\/p>\n<p>\u201cEn este sentido se debe decir que exist\u00eda y han sido creadas por este mismo intendente, las unidades de contralor\u00a0 en tiempo y forma, por lo tanto la responsabilidad penal particular del intendente queda descartada puesto que esta se circunscrib\u00eda \u00fanicamente a la creaci\u00f3n de las unidades que luego iban a realizar el control\u201d.<\/p>\n<p>De esta\u00a0 manera, seg\u00fan el abogado, la actividad\u00a0 del intendente era \u00a0solo crear la unidad de contralor y as\u00ed se hizo.<\/p>\n<p>De igual manera, la defensa del intendente se centr\u00f3 en comprobar que estas irregularidades a las que hace referencia dentro de la megacausa fueron denunciadas constantemente por el municipio.<\/p>\n<p>\u201cHemos presentado una\u00a0 n\u00f3mina de aproximadamente sesenta o setenta denuncias que se han realizado durante\u00a0 ese tiempo que ponen en conocimiento de la autoridad judicial y a las cuales en su mayor\u00eda no se le ha dado curso\u201d asegur\u00f3 el letrado.<\/p>\n<p>Por ultimo Cha\u00f1i asegur\u00f3 que \u201cexisten informes que han sido agregados a la causa en donde los funcionarios daban cuenta que no pod\u00edan ingresar a los barrios de la T\u00fapac para su control\u201d, y aclar\u00f3 que por las pruebas presentadas se pidi\u00f3 el sobreseimiento del intendente.<\/p>\n<p>&nbsp;<\/p>\n","protected":false},"excerpt":{"rendered":"<p>Seg\u00fan Cha\u00f1i, \u201cel intendente brindo precisiones acerca de los t\u00e9rminos de la imputaci\u00f3n y declaraciones que aclaran la situaci\u00f3n que se viv\u00eda con la T\u00fapac Amaru y cuestiones t\u00e9cnicas \u00a0que hacen a su derecho de defensa\u201d. Asegur\u00f3 que \u201cuno de los argumentos m\u00e1s fuertes de la defensa es que no hay que considerar al intendente, [&hellip;]<\/p>\n","protected":false},"author":1,"featured_media":170009,"comment_status":"open","ping_status":"open","sticky":false,"template":"","format":"standard","meta":{"_stopmodifiedupdate":false,"_modified_date":"","inline_featured_image":false,"spay_email":"","jetpack_publicize_message":""},"categories":[2],"tags":[],"jetpack_featured_media_url":"https:\/\/notinor.com\/jujuy\/wp-content\/uploads\/2018\/04\/FACUNDO-CHA\u00d1I.jpg","jetpack_publicize_connections":[],"_links":{"self":[{"href":"https:\/\/notinor.com\/jujuy\/wp-json\/wp\/v2\/posts\/170007"}],"collection":[{"href":"https:\/\/notinor.com\/jujuy\/wp-json\/wp\/v2\/posts"}],"about":[{"href":"https:\/\/notinor.com\/jujuy\/wp-json\/wp\/v2\/types\/post"}],"author":[{"embeddable":true,"href":"https:\/\/notinor.com\/jujuy\/wp-json\/wp\/v2\/users\/1"}],"replies":[{"embeddable":true,"href":"https:\/\/notinor.com\/jujuy\/wp-json\/wp\/v2\/comments?post=170007"}],"version-history":[{"count":4,"href":"https:\/\/notinor.com\/jujuy\/wp-json\/wp\/v2\/posts\/170007\/revisions"}],"predecessor-version":[{"id":170012,"href":"https:\/\/notinor.com\/jujuy\/wp-json\/wp\/v2\/posts\/170007\/revisions\/170012"}],"wp:featuredmedia":[{"embeddable":true,"href":"https:\/\/notinor.com\/jujuy\/wp-json\/wp\/v2\/media\/170009"}],"wp:attachment":[{"href":"https:\/\/notinor.com\/jujuy\/wp-json\/wp\/v2\/media?parent=170007"}],"wp:term":[{"taxonomy":"category","embeddable":true,"href":"https:\/\/notinor.com\/jujuy\/wp-json\/wp\/v2\/categories?post=170007"},{"taxonomy":"post_tag","embeddable":true,"href":"https:\/\/notinor.com\/jujuy\/wp-json\/wp\/v2\/tags?post=170007"}],"curies":[{"name":"wp","href":"https:\/\/api.w.org\/{rel}","templated":true}]}}