{"id":170001,"date":"2018-04-18T19:14:15","date_gmt":"2018-04-18T22:14:15","guid":{"rendered":"http:\/\/notinor.com\/jujuy\/?p=170001"},"modified":"2018-04-18T20:02:51","modified_gmt":"2018-04-18T23:02:51","slug":"cuba-ya-tiene-candidato-unico-para-suceder-a-raul-castro","status":"publish","type":"post","link":"https:\/\/notinor.com\/jujuy\/cuba-ya-tiene-candidato-unico-para-suceder-a-raul-castro\/","title":{"rendered":"Cuba ya tiene candidato \u00fanico para suceder a Ra\u00fal Castro"},"content":{"rendered":"<p><img decoding=\"async\" loading=\"lazy\" class=\"alignnone size-medium wp-image-170002\" src=\"http:\/\/notinor.com\/jujuy\/wp-content\/uploads\/2018\/04\/DIAZ-CANEL-548x365.jpg\" alt=\"\" width=\"548\" height=\"365\" srcset=\"https:\/\/notinor.com\/jujuy\/wp-content\/uploads\/2018\/04\/DIAZ-CANEL-548x365.jpg 548w, https:\/\/notinor.com\/jujuy\/wp-content\/uploads\/2018\/04\/DIAZ-CANEL-768x512.jpg 768w, https:\/\/notinor.com\/jujuy\/wp-content\/uploads\/2018\/04\/DIAZ-CANEL-721x480.jpg 721w, https:\/\/notinor.com\/jujuy\/wp-content\/uploads\/2018\/04\/DIAZ-CANEL-400x266.jpg 400w, https:\/\/notinor.com\/jujuy\/wp-content\/uploads\/2018\/04\/DIAZ-CANEL.jpg 1033w\" sizes=\"(max-width: 548px) 100vw, 548px\" \/><\/p>\n<p>Emocionado y con ojos llorosos. As\u00ed recibi\u00f3 Miguel D\u00edaz-Canel su nominaci\u00f3n como nuevo presidente del Consejo de Estado de Cuba, en sustituci\u00f3n de Ra\u00fal Castro y a propuesta del propio l\u00edder cubano.<\/p>\n<p>Se trata de un cambio hist\u00f3rico para la isla: por primera vez en m\u00e1s de cinco d\u00e9cadas un Castro no presidir\u00e1 el gobierno. D\u00edaz-Canel es el m\u00e1ximo representante de la nueva generaci\u00f3n del r\u00e9gimen que no particip\u00f3 en la revoluci\u00f3n de 1959.<\/p>\n<p>Su nombramiento ser\u00e1 ratificado en las pr\u00f3ximas horas por el voto de los 604 diputados presentes en el hemiciclo. La emoci\u00f3n de D\u00edaz-Canel no era gratuita. Como ha ocurrido momentos antes con Esteban Lazo, ratificado al frente del Parlamento, contar\u00e1 con el apoyo parlamentario para ser el nuevo presidente de Cuba. Lazo obtuvo 604 votos de los 604 diputados presentes.<\/p>\n<p>A D\u00edaz-Canel le esperan enormes desaf\u00edos. Tras asumir el poder, Ra\u00fal inici\u00f3 una tibia apertura econ\u00f3mica, que todav\u00eda no ha logrado sacar a la isla del estancamiento. La relaci\u00f3n con los Estados Unidos de Donald Trump tambi\u00e9n se anticipa complicada: desde la Casa Blanca dejaron en claro que solo ven un cambio de nombres, pero no de r\u00e9gimen.<\/p>\n<p>La \u00fanica lista propuesta en la Asamblea cubana cuenta con otro hist\u00f3rico, Salvador Mesa Vald\u00e9s, como vicepresidente primero, y con cinco vicepresidentes, entre quienes destaca el comandante Ramiro Vald\u00e9s, hombre muy cercano a Fidel Castro, ministro de Interior durante d\u00e9cadas y enlace con el gobierno de Hugo Ch\u00e1vez en Caracas.<\/p>\n<p>Entre los integrantes del Consejo de Estado destacan el jefe del Ej\u00e9rcito, Leopoldo Cintra Fr\u00edas, el canciller Bruno Rodr\u00edguez y el escritor Miguel Barnet. Todos ellos repiten en el cargo.<\/p>\n<p>La Asamblea Nacional del Poder Popular Cubano empez\u00f3 esta ma\u00f1ana la doble jornada hist\u00f3rica que terminar\u00e1 ma\u00f1ana El Palacio de Convenciones de La Habana recibe la sesi\u00f3n constitutiva de una legislatura que se prolongar\u00e1 durante cinco a\u00f1os.<\/p>\n<p>Todos los focos, incluidos lo de la Televisi\u00f3n Cubana, que transmite en directo la sesi\u00f3n constitutiva de la novena Asamblea revolucionaria, apuntaron desde un primer momento a D\u00edaz-Canel, que cumple 58 a\u00f1os el viernes, y lleg\u00f3 al hemiciclo acompa\u00f1ando a Ra\u00fal Castro y junto a los dos hist\u00f3ricos de Sierra Maestra: el vicepresidente segundo, Jos\u00e9 Ram\u00f3n Machado Ventura, y el comandante Ramiro Vald\u00e9s. El primero, conocido como \"Venturita\", es la mano derecha de Ra\u00fal, y el segundo, el favorito de Fidel Castro , encargado tambi\u00e9n de trasladar a la Venezuela de Ch\u00e1vez los sistemas de la inteligencia cubana.<\/p>\n<p>Un ritual lleno de simbolismos y de gui\u00f1os al pa\u00eds. Los 605 diputados, elegidos de una lista de 605 candidatos acondicionada por el Partido Comunista de Cuba (PCC), en la que todos ganaban y ninguno perd\u00eda, fueron juramentados. La c\u00fapula civil y militar recibi\u00f3 una salva de aplausos, empezando por Ra\u00fal y siguiendo por D\u00edaz-Canel, el canciller Rodr\u00edguez, los jefes del ej\u00e9rcito y la secretaria comunista de La Habana Mercedes L\u00f3pez de Acea.<\/p>\n<p>En un momento dado, la presidenta provisional de la sesi\u00f3n orden\u00f3 que no hubiera m\u00e1s aplausos hasta el final, para no ralentizar la marcha de la primera jornada.<\/p>\n<p>\"Es un parlamento renovado pero muy comprometido\", resumi\u00f3 la parlamentaria Lissette Gonz\u00e1lez durante el receso de la votaci\u00f3n. \"Estamos definiendo todo en un proceso sumamente democr\u00e1tico. Esta Asamblea est\u00e1 pintada de pueblo, vemos en sus rostros a las mujeres y hombres de esta isla, la verdadera democracia, la nuestra, la genuina\", a\u00f1adi\u00f3.<\/p>\n","protected":false},"excerpt":{"rendered":"<p>Emocionado y con ojos llorosos. As\u00ed recibi\u00f3 Miguel D\u00edaz-Canel su nominaci\u00f3n como nuevo presidente del Consejo de Estado de Cuba, en sustituci\u00f3n de Ra\u00fal Castro y a propuesta del propio l\u00edder cubano. Se trata de un cambio hist\u00f3rico para la isla: por primera vez en m\u00e1s de cinco d\u00e9cadas un Castro no presidir\u00e1 el gobierno. [&hellip;]<\/p>\n","protected":false},"author":1,"featured_media":170002,"comment_status":"open","ping_status":"open","sticky":false,"template":"","format":"standard","meta":{"_stopmodifiedupdate":false,"_modified_date":"","inline_featured_image":false,"spay_email":"","jetpack_publicize_message":""},"categories":[6],"tags":[],"jetpack_featured_media_url":"https:\/\/notinor.com\/jujuy\/wp-content\/uploads\/2018\/04\/DIAZ-CANEL.jpg","jetpack_publicize_connections":[],"_links":{"self":[{"href":"https:\/\/notinor.com\/jujuy\/wp-json\/wp\/v2\/posts\/170001"}],"collection":[{"href":"https:\/\/notinor.com\/jujuy\/wp-json\/wp\/v2\/posts"}],"about":[{"href":"https:\/\/notinor.com\/jujuy\/wp-json\/wp\/v2\/types\/post"}],"author":[{"embeddable":true,"href":"https:\/\/notinor.com\/jujuy\/wp-json\/wp\/v2\/users\/1"}],"replies":[{"embeddable":true,"href":"https:\/\/notinor.com\/jujuy\/wp-json\/wp\/v2\/comments?post=170001"}],"version-history":[{"count":1,"href":"https:\/\/notinor.com\/jujuy\/wp-json\/wp\/v2\/posts\/170001\/revisions"}],"predecessor-version":[{"id":170003,"href":"https:\/\/notinor.com\/jujuy\/wp-json\/wp\/v2\/posts\/170001\/revisions\/170003"}],"wp:featuredmedia":[{"embeddable":true,"href":"https:\/\/notinor.com\/jujuy\/wp-json\/wp\/v2\/media\/170002"}],"wp:attachment":[{"href":"https:\/\/notinor.com\/jujuy\/wp-json\/wp\/v2\/media?parent=170001"}],"wp:term":[{"taxonomy":"category","embeddable":true,"href":"https:\/\/notinor.com\/jujuy\/wp-json\/wp\/v2\/categories?post=170001"},{"taxonomy":"post_tag","embeddable":true,"href":"https:\/\/notinor.com\/jujuy\/wp-json\/wp\/v2\/tags?post=170001"}],"curies":[{"name":"wp","href":"https:\/\/api.w.org\/{rel}","templated":true}]}}