{"id":169705,"date":"2018-04-17T12:00:20","date_gmt":"2018-04-17T15:00:20","guid":{"rendered":"http:\/\/notinor.com\/jujuy\/?p=169705"},"modified":"2018-04-17T12:00:20","modified_gmt":"2018-04-17T15:00:20","slug":"martes-de-protestas","status":"publish","type":"post","link":"https:\/\/notinor.com\/jujuy\/martes-de-protestas\/","title":{"rendered":"Martes de protestas"},"content":{"rendered":"<p><img decoding=\"async\" loading=\"lazy\" class=\"alignnone size-medium wp-image-169707\" src=\"http:\/\/notinor.com\/jujuy\/wp-content\/uploads\/2018\/04\/MARTES-DE-PROTESTA-475x365.jpg\" alt=\"\" width=\"475\" height=\"365\" srcset=\"https:\/\/notinor.com\/jujuy\/wp-content\/uploads\/2018\/04\/MARTES-DE-PROTESTA-475x365.jpg 475w, https:\/\/notinor.com\/jujuy\/wp-content\/uploads\/2018\/04\/MARTES-DE-PROTESTA-625x480.jpg 625w, https:\/\/notinor.com\/jujuy\/wp-content\/uploads\/2018\/04\/MARTES-DE-PROTESTA.jpg 700w\" sizes=\"(max-width: 475px) 100vw, 475px\" \/><\/p>\n<p>&nbsp;<\/p>\n<p>Lleg\u00f3 gente de las comunidades originarias, trabajadores de Aceros Zapla que hac\u00edan oir una vez m\u00e1s su reclamo por la propiedad participada.<\/p>\n<p>En la plaza habian trabajadores de la econom\u00eda popular y peque\u00f1os productoes de diferentes localidades de la provincia, exponiendo y vendiendo productos agr\u00edcolas a precios muy econ\u00f3micos. Esta previsto que contin\u00fae esta exposici\u00f3n hasta las 16:00.<\/p>\n<p>Referentes de los pueblos ind\u00edgenas manifestaron que vinieron a entregar un petitorio a Casa de Gobierno esperando reunirse en mesas de trtabajo y exponer sobre las necesidades del sector, en el marco de la Semana del Aborigen Americano<\/p>\n<p>Minutos antes otra columna de manifestantes hab\u00eda pasado por el frente de la Casa de Gobierno con destino al Ministerio P\u00fablico de la Acusaci\u00f3n, reclamando por la libertad de los detenidos identificados como responsables de los disturbios del pasado 4, cuandop ten\u00eda lugar la apertura del per\u00edodo ordinario legislativo.<\/p>\n<div id=\"fb-root\"><\/div>\n<p><script>(function(d, s, id) {  var js, fjs = d.getElementsByTagName(s)[0];  if (d.getElementById(id)) return;  js = d.createElement(s); js.id = id;  js.src = 'https:\/\/connect.facebook.net\/es_LA\/sdk.js#xfbml=1&version=v2.12';  fjs.parentNode.insertBefore(js, fjs);}(document, 'script', 'facebook-jssdk'));<\/script><\/p>\n<div class=\"fb-video\" data-href=\"https:\/\/www.facebook.com\/diarionotinor\/videos\/776798025850359\/\" data-width=\"500\">\n<blockquote cite=\"https:\/\/www.facebook.com\/diarionotinor\/videos\/776798025850359\/\" class=\"fb-xfbml-parse-ignore\"><p><a href=\"https:\/\/www.facebook.com\/diarionotinor\/videos\/776798025850359\/\"><\/a><\/p>\n<p>Martes de protesta<\/p>\n<p>Publicado por <a href=\"https:\/\/www.facebook.com\/diarionotinor\/\">Notinor Jujuy<\/a> en martes, 17 de abril de 2018<\/p><\/blockquote>\n<\/div>\n","protected":false},"excerpt":{"rendered":"<p>&nbsp; Lleg\u00f3 gente de las comunidades originarias, trabajadores de Aceros Zapla que hac\u00edan oir una vez m\u00e1s su reclamo por la propiedad participada. En la plaza habian trabajadores de la econom\u00eda popular y peque\u00f1os productoes de diferentes localidades de la provincia, exponiendo y vendiendo productos agr\u00edcolas a precios muy econ\u00f3micos. Esta previsto que contin\u00fae esta [&hellip;]<\/p>\n","protected":false},"author":1,"featured_media":169707,"comment_status":"open","ping_status":"open","sticky":false,"template":"","format":"standard","meta":{"_stopmodifiedupdate":false,"_modified_date":"","inline_featured_image":false,"spay_email":"","jetpack_publicize_message":""},"categories":[2,501],"tags":[],"jetpack_featured_media_url":"https:\/\/notinor.com\/jujuy\/wp-content\/uploads\/2018\/04\/MARTES-DE-PROTESTA.jpg","jetpack_publicize_connections":[],"_links":{"self":[{"href":"https:\/\/notinor.com\/jujuy\/wp-json\/wp\/v2\/posts\/169705"}],"collection":[{"href":"https:\/\/notinor.com\/jujuy\/wp-json\/wp\/v2\/posts"}],"about":[{"href":"https:\/\/notinor.com\/jujuy\/wp-json\/wp\/v2\/types\/post"}],"author":[{"embeddable":true,"href":"https:\/\/notinor.com\/jujuy\/wp-json\/wp\/v2\/users\/1"}],"replies":[{"embeddable":true,"href":"https:\/\/notinor.com\/jujuy\/wp-json\/wp\/v2\/comments?post=169705"}],"version-history":[{"count":1,"href":"https:\/\/notinor.com\/jujuy\/wp-json\/wp\/v2\/posts\/169705\/revisions"}],"predecessor-version":[{"id":169708,"href":"https:\/\/notinor.com\/jujuy\/wp-json\/wp\/v2\/posts\/169705\/revisions\/169708"}],"wp:featuredmedia":[{"embeddable":true,"href":"https:\/\/notinor.com\/jujuy\/wp-json\/wp\/v2\/media\/169707"}],"wp:attachment":[{"href":"https:\/\/notinor.com\/jujuy\/wp-json\/wp\/v2\/media?parent=169705"}],"wp:term":[{"taxonomy":"category","embeddable":true,"href":"https:\/\/notinor.com\/jujuy\/wp-json\/wp\/v2\/categories?post=169705"},{"taxonomy":"post_tag","embeddable":true,"href":"https:\/\/notinor.com\/jujuy\/wp-json\/wp\/v2\/tags?post=169705"}],"curies":[{"name":"wp","href":"https:\/\/api.w.org\/{rel}","templated":true}]}}